{"id":3163,"date":"2024-06-01T11:07:05","date_gmt":"2024-06-01T11:07:05","guid":{"rendered":"https:\/\/romanistyka.wn.uw.edu.pl\/?p=3163"},"modified":"2024-06-01T11:07:08","modified_gmt":"2024-06-01T11:07:08","slug":"wazne-ogloszenie-dla-osob-studiujacych-na-profilu-metodycznym","status":"publish","type":"post","link":"https:\/\/romanistyka.wn.uw.edu.pl\/index.php\/2024\/06\/01\/wazne-ogloszenie-dla-osob-studiujacych-na-profilu-metodycznym\/","title":{"rendered":"WA\u017bNE OG\u0141OSZENIE DLA OS\u00d3B STUDIUJ\u0104CYCH NA PROFILU METODYCZNYM!!!"},"content":{"rendered":"\n\n\n<pre class=\"wp-block-preformatted\"><strong>DOTYCZY PRZEJ\u015aCIOWYCH ZMIAN W UK\u0141ADZIE ZAJ\u0118\u0106 Z NIEKT\u00d3RYCH MODU\u0141\u00d3W W LATACH 2024\/2025 ORAZ 2025\/2026 NA STUDIACH 1 i 2 STOPNIA<br><br>UPRZEJMIE PROSIMY O UWA\u017bNE ZAPOZNANIE SI\u0118 Z PONI\u017bSZYMI INFORMACJAMI<\/strong><br><br>Szanowni Pa\u0144stwo,<br><br>Ze wzgl\u0119du urlopy naukowe pracownik\u00f3w planowane w kolejnych dw\u00f3ch latach akademickich, wprowadzamy tymczasowe zmiany w uk\u0142adzie zaj\u0119\u0107 profilu metodycznego w odniesieniu do uk\u0142adu przewidzianego w programie studi\u00f3w 1 i jak i 2 stopnia.<br><br><strong>Na czym polegaj\u0105 zmiany w roku 2024\/2025?<\/strong><br><br>W roku akademickim 2024\/2025 nie b\u0119dzie w ofercie nast\u0119puj\u0105cych przedmiot\u00f3w:<br>1) Psychopedagogiczne zagadnienia dydaktyki j\u0119zyka obcego: 60h (studia 1 stopnia, II rok);<br>2) Ewolucja metod nauczania j\u0119zyk\u00f3w obcych (studia 2 stopnia, I rok);<br><br><strong>Co nale\u017cy zrobi\u0107?<\/strong><br><br>Na przedmioty te b\u0119dzie mo\u017cna zapisa\u0107 si\u0119 w kolejnym roku akademickim \u2013 2025\/2026.<br><br><strong>Na czym polegaj\u0105 zmiany w roku 2025\/2026?<\/strong><br><br>W roku akademickim 2025\/2026 z kolei z oferty zaj\u0119\u0107 znikn\u0105 (tylko na ten rok):<br>1) R\u00f3\u017cnoj\u0119zyczno\u015b\u0107 i mi\u0119dzykulturowo\u015b\u0107: warsztaty 30h (studia 1 stopnia, III rok)<br>2) Interdyscyplinarny wymiar dydaktyki wczesnoszkolnej: 30h (studia 1 stopnia, III rok)<br>3) Ocenianie i jego formy: 30h (studia 2 stopnia, II rok)<br><br><strong>Co nale\u017cy zrobi\u0107?<\/strong><br><br>- Osoby studiuj\u0105ce na profilu metodycznym, kt\u00f3re w roku akademickim 2024\/2025 b\u0119d\u0105 na II roku studi\u00f3w 1 stopnia s\u0105 proszone o zapisanie si\u0119 w 2024\/2025, awansem wzgl\u0119dem programu, na modu\u0142y: R\u00f3\u017cnoj\u0119zyczno\u015b\u0107 i mi\u0119dzykulturowo\u015b\u0107 oraz Interdyscyplinarny wymiar dydaktyki wczesnoszkolnej, gdy\u017c w roku 2025\/2026 nie b\u0119dzie mo\u017cliwo\u015bci realizacji tych zaj\u0119\u0107.<br><br>- Osoby studiuj\u0105ce na profilu metodycznym, kt\u00f3re w roku akademickim 2024\/2025 b\u0119d\u0105 na I roku studi\u00f3w 2 stopnia s\u0105 proszone o zapisanie si\u0119 w 2024\/2025, awansem wzgl\u0119dem programu, na modu\u0142: Ocenianie i jego formy, gdy\u017c w roku 2025\/2026 nie b\u0119dzie mo\u017cliwo\u015bci realizacji tych zaj\u0119\u0107.<br><br><br>W razie pyta\u0144 czy w\u0105tpliwo\u015bci, jestem do Pa\u0144stwa dyspozycji<br><br>Krystyna Szymankiewicz<br>Koordynatorka profilu metodycznego w IR UW<br>k.szymankiewicz@uw.edu.pl<br><\/pre>\n","protected":false},"excerpt":{"rendered":"<p>DOTYCZY PRZEJ\u015aCIOWYCH ZMIAN W UK\u0141ADZIE ZAJ\u0118\u0106 Z NIEKT\u00d3RYCH MODU\u0141\u00d3W W LATACH 2024\/2025 ORAZ 2025\/2026 NA STUDIACH 1 i 2 STOPNIAUPRZEJMIE PROSIMY O UWA\u017bNE ZAPOZNANIE SI\u0118 Z PONI\u017bSZYMI INFORMACJAMISzanowni Pa\u0144stwo,Ze wzgl\u0119du urlopy naukowe pracownik\u00f3w planowane w kolejnych dw\u00f3ch latach akademickich, wprowadzamy tymczasowe zmiany w uk\u0142adzie zaj\u0119\u0107 profilu metodycznego w odniesieniu do uk\u0142adu przewidzianego w programie studi\u00f3w [&hellip;]<\/p>\n","protected":false},"author":6,"featured_media":0,"comment_status":"open","ping_status":"open","sticky":false,"template":"","format":"standard","meta":{"footnotes":""},"categories":[7],"tags":[],"class_list":["post-3163","post","type-post","status-publish","format-standard","hentry","category-ogloszenia-dla-studentow"],"_links":{"self":[{"href":"https:\/\/romanistyka.wn.uw.edu.pl\/index.php\/wp-json\/wp\/v2\/posts\/3163","targetHints":{"allow":["GET"]}}],"collection":[{"href":"https:\/\/romanistyka.wn.uw.edu.pl\/index.php\/wp-json\/wp\/v2\/posts"}],"about":[{"href":"https:\/\/romanistyka.wn.uw.edu.pl\/index.php\/wp-json\/wp\/v2\/types\/post"}],"author":[{"embeddable":true,"href":"https:\/\/romanistyka.wn.uw.edu.pl\/index.php\/wp-json\/wp\/v2\/users\/6"}],"replies":[{"embeddable":true,"href":"https:\/\/romanistyka.wn.uw.edu.pl\/index.php\/wp-json\/wp\/v2\/comments?post=3163"}],"version-history":[{"count":2,"href":"https:\/\/romanistyka.wn.uw.edu.pl\/index.php\/wp-json\/wp\/v2\/posts\/3163\/revisions"}],"predecessor-version":[{"id":3165,"href":"https:\/\/romanistyka.wn.uw.edu.pl\/index.php\/wp-json\/wp\/v2\/posts\/3163\/revisions\/3165"}],"wp:attachment":[{"href":"https:\/\/romanistyka.wn.uw.edu.pl\/index.php\/wp-json\/wp\/v2\/media?parent=3163"}],"wp:term":[{"taxonomy":"category","embeddable":true,"href":"https:\/\/romanistyka.wn.uw.edu.pl\/index.php\/wp-json\/wp\/v2\/categories?post=3163"},{"taxonomy":"post_tag","embeddable":true,"href":"https:\/\/romanistyka.wn.uw.edu.pl\/index.php\/wp-json\/wp\/v2\/tags?post=3163"}],"curies":[{"name":"wp","href":"https:\/\/api.w.org\/{rel}","templated":true}]}}