{"id":3136,"date":"2024-05-24T19:19:16","date_gmt":"2024-05-24T19:19:16","guid":{"rendered":"https:\/\/romanistyka.wn.uw.edu.pl\/?p=3136"},"modified":"2024-05-24T19:45:20","modified_gmt":"2024-05-24T19:45:20","slug":"atelier-franco-polonais-na-sorbonne-universite","status":"publish","type":"post","link":"https:\/\/romanistyka.wn.uw.edu.pl\/index.php\/2024\/05\/24\/atelier-franco-polonais-na-sorbonne-universite\/","title":{"rendered":"Atelier franco-polonais na Sorbonne Universit\u00e9"},"content":{"rendered":"\n<p class=\"wp-block-paragraph\">Szanowni Pa\u0144stwo,<\/p>\n\n\n\n<p class=\"wp-block-paragraph\">w dniu 25 maja 2024 roku na Sorbonne Universit\u00e9 w Pary\u017cu odb\u0119dzie si\u0119 Atelier franco-polonais, organizowane w ramach cyklicznego Atelier 16e si\u00e8cle: <a href=\"http:\/\/officinedemercure.org\/journee-du-25-mai-2024-atelier-franco-polonais\/\">http:\/\/officinedemercure.org\/journee-du-25-mai-2024-atelier-franco-polonais\/<\/a><\/p>\n\n\n\n<p class=\"wp-block-paragraph\">Organizatorami s\u0105 profesor Anne-Pascale Pouey-Mounou (Sorbonne Universit\u00e9) i dr Dariusz Krawczyk (Uniwersytet Warszawski \/ Universit\u00e9 de Lille) <\/p>\n\n\n\n<p class=\"wp-block-paragraph\">Oficjalne zaproszenie poni\u017cej: <\/p>\n\n\n\n<p class=\"wp-block-paragraph\">L&#8217;Atelier franco-polonais aura lieu dans l&#8217;amphi Champollion (acc\u00e8s par le 16 rue de la Sorbonne), \u00e0 partir de 9h30 &#8211; et le spectacle (d\u00e9clamation d&#8217;extraits de la <em>N\u00e9ph\u00e9lococugie<\/em> de Le Loyer) \u00e0 17h.<\/p>\n\n\n\n<p class=\"wp-block-paragraph\">Matin\u00e9e (9h30)<br>Dariusz Krawczyk, Marie-Claire Thomine, Nora Viet : pr\u00e9sentation du colloque de Lille Langues et litt\u00e9ratures de la civilit\u00e9 des XVe-XVIIIe si\u00e8cles: tensions et \u00e9volutions<br>Dariusz Krawczyk (Lille\/Varsovie) : &#8222;Litt\u00e9rature de civilit\u00e9 au XVIe si\u00e8cle: essai de typologie&#8221;<br>Jan Miernowski (Madison\/Varsovie) : itin\u00e9raire de chercheur<\/p>\n\n\n\n<p class=\"wp-block-paragraph\">Apr\u00e8s-midi (14h15 &#8211; au plus tard)<br>Alicja Ba\u0144czyk (Universit\u00e9 Jagellonne) : &#8222;Fran\u00e7ois Rabelais lu par la jurilinguistique&#8221;<br>Nicolas Le Cadet (Rennes 2) : &#8222;Rabelais et les illustrateurs&#8221;<br>Pascale Mounier (Universit\u00e9 Grenoble Alpes) : &#8222;Rabelais et la Biblioth\u00e8que Bleue&#8221;<br>Magdalena Ko\u017aluk (Universit\u00e9 de \u0141\u00f3d\u017a) : &#8222;Aux marges de la r\u00e8gle m\u00e9dicale au XVIIe si\u00e8cle en France: Pierre Jacquelot, Gabriel Droyn et Louis de Caseneuve&#8221;<br>En cl\u00f4ture (17h) : lecture d&#8217;extraits de la N\u00e9ph\u00e9lococugie de Le Loyer par les \u00e9l\u00e8ves du conservatoire du 5e arrondissement de Paris, mise en sc\u00e8ne St\u00e9phanie Farison, spectacle organis\u00e9 par Alice Lueder.<\/p>\n","protected":false},"excerpt":{"rendered":"<p>Szanowni Pa\u0144stwo, w dniu 25 maja 2024 roku na Sorbonne Universit\u00e9 w Pary\u017cu odb\u0119dzie si\u0119 Atelier franco-polonais, organizowane w ramach cyklicznego Atelier 16e si\u00e8cle: http:\/\/officinedemercure.org\/journee-du-25-mai-2024-atelier-franco-polonais\/ Organizatorami s\u0105 profesor Anne-Pascale Pouey-Mounou (Sorbonne Universit\u00e9) i dr Dariusz Krawczyk (Uniwersytet Warszawski \/ Universit\u00e9 de Lille) Oficjalne zaproszenie poni\u017cej: L&#8217;Atelier franco-polonais aura lieu dans l&#8217;amphi Champollion (acc\u00e8s par le [&hellip;]<\/p>\n","protected":false},"author":6,"featured_media":0,"comment_status":"open","ping_status":"open","sticky":false,"template":"","format":"standard","meta":{"footnotes":""},"categories":[6,7],"tags":[],"class_list":["post-3136","post","type-post","status-publish","format-standard","hentry","category-ogloszenia-dla-pracownikow","category-ogloszenia-dla-studentow"],"_links":{"self":[{"href":"https:\/\/romanistyka.wn.uw.edu.pl\/index.php\/wp-json\/wp\/v2\/posts\/3136","targetHints":{"allow":["GET"]}}],"collection":[{"href":"https:\/\/romanistyka.wn.uw.edu.pl\/index.php\/wp-json\/wp\/v2\/posts"}],"about":[{"href":"https:\/\/romanistyka.wn.uw.edu.pl\/index.php\/wp-json\/wp\/v2\/types\/post"}],"author":[{"embeddable":true,"href":"https:\/\/romanistyka.wn.uw.edu.pl\/index.php\/wp-json\/wp\/v2\/users\/6"}],"replies":[{"embeddable":true,"href":"https:\/\/romanistyka.wn.uw.edu.pl\/index.php\/wp-json\/wp\/v2\/comments?post=3136"}],"version-history":[{"count":3,"href":"https:\/\/romanistyka.wn.uw.edu.pl\/index.php\/wp-json\/wp\/v2\/posts\/3136\/revisions"}],"predecessor-version":[{"id":3141,"href":"https:\/\/romanistyka.wn.uw.edu.pl\/index.php\/wp-json\/wp\/v2\/posts\/3136\/revisions\/3141"}],"wp:attachment":[{"href":"https:\/\/romanistyka.wn.uw.edu.pl\/index.php\/wp-json\/wp\/v2\/media?parent=3136"}],"wp:term":[{"taxonomy":"category","embeddable":true,"href":"https:\/\/romanistyka.wn.uw.edu.pl\/index.php\/wp-json\/wp\/v2\/categories?post=3136"},{"taxonomy":"post_tag","embeddable":true,"href":"https:\/\/romanistyka.wn.uw.edu.pl\/index.php\/wp-json\/wp\/v2\/tags?post=3136"}],"curies":[{"name":"wp","href":"https:\/\/api.w.org\/{rel}","templated":true}]}}