{"id":3134,"date":"2024-05-23T09:04:18","date_gmt":"2024-05-23T09:04:18","guid":{"rendered":"https:\/\/romanistyka.wn.uw.edu.pl\/?p=3134"},"modified":"2024-05-23T09:04:22","modified_gmt":"2024-05-23T09:04:22","slug":"warsztat-wprowadzenie-do-pracy-badawczej","status":"publish","type":"post","link":"https:\/\/romanistyka.wn.uw.edu.pl\/index.php\/2024\/05\/23\/warsztat-wprowadzenie-do-pracy-badawczej\/","title":{"rendered":"Warsztat &#8222;Wprowadzenie do pracy badawczej&#8221;"},"content":{"rendered":"\n<p class=\"wp-block-paragraph\">Szanowni Pa\u0144stwo,<\/p>\n\n\n\n<p class=\"wp-block-paragraph\">Serdecznie zapraszam do wzi\u0119cia udzia\u0142u w warsztacie \u201eA mo\u017ce zostan\u0119 badaczk\u0105\/badaczem? Wprowadzenie do pracy badawczej i \u017cycia naukowego\u201d, kt\u00f3ry b\u0119d\u0119 mia\u0142a przyjemno\u015b\u0107 przeprowadzi\u0107 dla Pa\u0144stwa przez platform\u0119&nbsp;<a href=\"http:\/\/zoom.us\/\" target=\"_blank\" rel=\"noreferrer noopener\">zoom.us<\/a>, w poniedzia\u0142ek, 3 czerwca, 15h00-18h15.<\/p>\n\n\n\n<p class=\"wp-block-paragraph\">Warsztat sk\u0142ada si\u0119 z dw\u00f3ch cz\u0119\u015bci.<\/p>\n\n\n\n<p class=\"wp-block-paragraph\">Pierwsza (ok. 90 minut, 15h00-16h30) przeprowadzona w formie wyk\u0142adu (z zarezerwowanym czasem na zadawanie pyta\u0144) skoncentruje si\u0119 na nast\u0119puj\u0105cych zagadnieniach:<\/p>\n\n\n\n<ol class=\"wp-block-list\" start=\"1\">\n<li>Dlaczego warto bra\u0107 udzia\u0142 w konferencjach naukowych i publikowa\u0107 (zalety pracy badawczej, rekrutacja do szk\u00f3\u0142 doktorskich).<\/li>\n\n\n\n<li>Jak zorganizowa\u0107 wydarzenie naukowe.<\/li>\n\n\n\n<li>Jak przygotowa\u0107 propozycj\u0119 referatu\/artyku\u0142u.<\/li>\n\n\n\n<li>Jak przygotowa\u0107 referat na konferencj\u0119, a jak przygotowa\u0107 artyku\u0142 do publikacji (r\u00f3\u017cnice i punkty wsp\u00f3lne).<\/li>\n<\/ol>\n\n\n\n<p class=\"wp-block-paragraph\">Druga (ok. 90 minut, 16h45-18h15), praktyczna, cz\u0119\u015b\u0107 warsztatu b\u0119dzie polega\u0107 na przygotowaniu, pod moim okiem, zg\u0142oszenia propozycji referatu\/artyku\u0142u. Uwaga: zainteresowane udzia\u0142em w tej cz\u0119\u015bci warsztatu osoby powinny wcze\u015bniej zastanowi\u0107 si\u0119 nad tematem, kt\u00f3rym chcia\u0142yby si\u0119 zaj\u0105\u0107. Dobrze, \u017ceby wzi\u0119\u0142y udzia\u0142 w pierwszej cz\u0119\u015bci warsztatu.<\/p>\n\n\n\n<p class=\"wp-block-paragraph\">Oto linki do zapis\u00f3w:<\/p>\n\n\n\n<p class=\"wp-block-paragraph\">Cz\u0119\u015b\u0107 I (teoria):&nbsp;<a href=\"https:\/\/forms.office.com\/e\/ejSYXvAbCm\" target=\"_blank\" rel=\"noreferrer noopener\">https:\/\/forms.office.com\/e\/ejSYXvAbCm<\/a><\/p>\n\n\n\n<p class=\"wp-block-paragraph\">Cz\u0119\u015b\u0107 II (praktyka):&nbsp;<a href=\"https:\/\/forms.office.com\/e\/wveu9aatyn\" target=\"_blank\" rel=\"noreferrer noopener\">https:\/\/forms.office.com\/e\/wveu9aatyn<\/a><\/p>\n\n\n\n<p class=\"wp-block-paragraph\">Serdecznie zapraszam!<\/p>\n\n\n\n<p class=\"wp-block-paragraph\">Ma\u0142gorzata Soko\u0142owicz<\/p>\n","protected":false},"excerpt":{"rendered":"<p>Szanowni Pa\u0144stwo, Serdecznie zapraszam do wzi\u0119cia udzia\u0142u w warsztacie \u201eA mo\u017ce zostan\u0119 badaczk\u0105\/badaczem? Wprowadzenie do pracy badawczej i \u017cycia naukowego\u201d, kt\u00f3ry b\u0119d\u0119 mia\u0142a przyjemno\u015b\u0107 przeprowadzi\u0107 dla Pa\u0144stwa przez platform\u0119&nbsp;zoom.us, w poniedzia\u0142ek, 3 czerwca, 15h00-18h15. Warsztat sk\u0142ada si\u0119 z dw\u00f3ch cz\u0119\u015bci. Pierwsza (ok. 90 minut, 15h00-16h30) przeprowadzona w formie wyk\u0142adu (z zarezerwowanym czasem na zadawanie pyta\u0144) [&hellip;]<\/p>\n","protected":false},"author":3,"featured_media":0,"comment_status":"closed","ping_status":"closed","sticky":false,"template":"","format":"standard","meta":{"footnotes":""},"categories":[6,7],"tags":[],"class_list":["post-3134","post","type-post","status-publish","format-standard","hentry","category-ogloszenia-dla-pracownikow","category-ogloszenia-dla-studentow"],"_links":{"self":[{"href":"https:\/\/romanistyka.wn.uw.edu.pl\/index.php\/wp-json\/wp\/v2\/posts\/3134","targetHints":{"allow":["GET"]}}],"collection":[{"href":"https:\/\/romanistyka.wn.uw.edu.pl\/index.php\/wp-json\/wp\/v2\/posts"}],"about":[{"href":"https:\/\/romanistyka.wn.uw.edu.pl\/index.php\/wp-json\/wp\/v2\/types\/post"}],"author":[{"embeddable":true,"href":"https:\/\/romanistyka.wn.uw.edu.pl\/index.php\/wp-json\/wp\/v2\/users\/3"}],"replies":[{"embeddable":true,"href":"https:\/\/romanistyka.wn.uw.edu.pl\/index.php\/wp-json\/wp\/v2\/comments?post=3134"}],"version-history":[{"count":1,"href":"https:\/\/romanistyka.wn.uw.edu.pl\/index.php\/wp-json\/wp\/v2\/posts\/3134\/revisions"}],"predecessor-version":[{"id":3135,"href":"https:\/\/romanistyka.wn.uw.edu.pl\/index.php\/wp-json\/wp\/v2\/posts\/3134\/revisions\/3135"}],"wp:attachment":[{"href":"https:\/\/romanistyka.wn.uw.edu.pl\/index.php\/wp-json\/wp\/v2\/media?parent=3134"}],"wp:term":[{"taxonomy":"category","embeddable":true,"href":"https:\/\/romanistyka.wn.uw.edu.pl\/index.php\/wp-json\/wp\/v2\/categories?post=3134"},{"taxonomy":"post_tag","embeddable":true,"href":"https:\/\/romanistyka.wn.uw.edu.pl\/index.php\/wp-json\/wp\/v2\/tags?post=3134"}],"curies":[{"name":"wp","href":"https:\/\/api.w.org\/{rel}","templated":true}]}}