{"id":3128,"date":"2024-05-21T13:48:28","date_gmt":"2024-05-21T13:48:28","guid":{"rendered":"https:\/\/romanistyka.wn.uw.edu.pl\/?p=3128"},"modified":"2024-05-21T13:50:34","modified_gmt":"2024-05-21T13:50:34","slug":"konwersatoria-glottodydaktyczne-iiz-p1","status":"publish","type":"post","link":"https:\/\/romanistyka.wn.uw.edu.pl\/index.php\/2024\/05\/21\/konwersatoria-glottodydaktyczne-iiz-p1\/","title":{"rendered":"Konwersatoria glottodydaktyczne &#8211; IIz\/p1"},"content":{"rendered":"\n<p class=\"wp-block-paragraph\">Szanowni Pa\u0144stwo,<\/p>\n\n\n\n<p class=\"wp-block-paragraph\">Uprzejmie informuj\u0119, \u017ce konwersatoria glottodydaktyczne, przewidziane programem studi\u00f3w na 3 semestr kszta\u0142cenia w Instytucie Romanistyki UW, b\u0119d\u0105 mia\u0142y miejsce w 4. semestrze (semestr letni). &nbsp;<\/p>\n\n\n\n<p class=\"wp-block-paragraph\">\u0141\u0105cz\u0119 serdeczne pozdrowienia,<\/p>\n\n\n\n<p class=\"wp-block-paragraph\">dr hab. prof. ucz. Rados\u0142aw Kucharczyk <\/p>\n\n\n\n<p class=\"wp-block-paragraph\">kierownik Zak\u0142adu Dydaktyki J\u0119zyk\u00f3w Roma\u0144skich \u00a0<\/p>\n","protected":false},"excerpt":{"rendered":"<p>Szanowni Pa\u0144stwo, Uprzejmie informuj\u0119, \u017ce konwersatoria glottodydaktyczne, przewidziane programem studi\u00f3w na 3 semestr kszta\u0142cenia w Instytucie Romanistyki UW, b\u0119d\u0105 mia\u0142y miejsce w 4. semestrze (semestr letni). &nbsp; \u0141\u0105cz\u0119 serdeczne pozdrowienia, dr hab. prof. ucz. Rados\u0142aw Kucharczyk kierownik Zak\u0142adu Dydaktyki J\u0119zyk\u00f3w Roma\u0144skich \u00a0<\/p>\n","protected":false},"author":6,"featured_media":0,"comment_status":"open","ping_status":"open","sticky":false,"template":"","format":"standard","meta":{"footnotes":""},"categories":[15],"tags":[],"class_list":["post-3128","post","type-post","status-publish","format-standard","hentry","category-bez-kategorii-pl"],"_links":{"self":[{"href":"https:\/\/romanistyka.wn.uw.edu.pl\/index.php\/wp-json\/wp\/v2\/posts\/3128","targetHints":{"allow":["GET"]}}],"collection":[{"href":"https:\/\/romanistyka.wn.uw.edu.pl\/index.php\/wp-json\/wp\/v2\/posts"}],"about":[{"href":"https:\/\/romanistyka.wn.uw.edu.pl\/index.php\/wp-json\/wp\/v2\/types\/post"}],"author":[{"embeddable":true,"href":"https:\/\/romanistyka.wn.uw.edu.pl\/index.php\/wp-json\/wp\/v2\/users\/6"}],"replies":[{"embeddable":true,"href":"https:\/\/romanistyka.wn.uw.edu.pl\/index.php\/wp-json\/wp\/v2\/comments?post=3128"}],"version-history":[{"count":2,"href":"https:\/\/romanistyka.wn.uw.edu.pl\/index.php\/wp-json\/wp\/v2\/posts\/3128\/revisions"}],"predecessor-version":[{"id":3130,"href":"https:\/\/romanistyka.wn.uw.edu.pl\/index.php\/wp-json\/wp\/v2\/posts\/3128\/revisions\/3130"}],"wp:attachment":[{"href":"https:\/\/romanistyka.wn.uw.edu.pl\/index.php\/wp-json\/wp\/v2\/media?parent=3128"}],"wp:term":[{"taxonomy":"category","embeddable":true,"href":"https:\/\/romanistyka.wn.uw.edu.pl\/index.php\/wp-json\/wp\/v2\/categories?post=3128"},{"taxonomy":"post_tag","embeddable":true,"href":"https:\/\/romanistyka.wn.uw.edu.pl\/index.php\/wp-json\/wp\/v2\/tags?post=3128"}],"curies":[{"name":"wp","href":"https:\/\/api.w.org\/{rel}","templated":true}]}}