{"id":3112,"date":"2024-05-14T16:18:58","date_gmt":"2024-05-14T16:18:58","guid":{"rendered":"https:\/\/romanistyka.wn.uw.edu.pl\/?p=3112"},"modified":"2024-05-14T16:19:00","modified_gmt":"2024-05-14T16:19:00","slug":"wyklad-plejady-18-maja-godz-10-zaproszenie","status":"publish","type":"post","link":"https:\/\/romanistyka.wn.uw.edu.pl\/index.php\/2024\/05\/14\/wyklad-plejady-18-maja-godz-10-zaproszenie\/","title":{"rendered":"Wyk\u0142ad Plejady &#8211; 18 maja, godz. 10, zaproszenie"},"content":{"rendered":"\n<p class=\"wp-block-paragraph\">W najbli\u017csz\u0105 sobot\u0119, w godzinach 10-11.30, w ramach serii wyk\u0142adowej organizowanej przez Akademickie Towarzystwo Romanist\u00f3w Polskich Plejada, b\u0119d\u0119 mie\u0107 przyjemno\u015b\u0107 wyg\u0142osi\u0107 wyk\u0142ad pt. &#8222;Paris (1956) \u2012 Dakar (2019) : la litt\u00e9rature au service des communaut\u00e9s africaines et afro-descendantes dans le discours des Congr\u00e8s des \u00e9crivains et artistes noirs et des Ateliers de la pens\u00e9e de Dakar&#8221;.<\/p>\n\n\n\n<p class=\"wp-block-paragraph\">Wyk\u0142ad odb\u0119dzie si\u0119 na platformie Zoom, a oto dane spotkania:<\/p>\n\n\n\n<p class=\"wp-block-paragraph\"><a href=\"https:\/\/uw-edu-pl.zoom.us\/j\/91974055276?pwd=dUJnWDU3OVZsOXZyTTY4cHVmVG9iQT09\">https:\/\/uw-edu-pl.zoom.us\/j\/91974055276?pwd=dUJnWDU3OVZsOXZyTTY4cHVmVG9iQT09<\/a><\/p>\n\n\n\n<p class=\"wp-block-paragraph\">Identyfikator spotkania: 919 7405 5276<br>Kod dost\u0119pu: 735828<\/p>\n\n\n\n<p class=\"wp-block-paragraph\">Wi\u0119cej szczeg\u00f3\u0142\u00f3w mo\u017cna znale\u017a\u0107 tutaj (oraz w za\u0142\u0105cznikach):&nbsp;<a href=\"https:\/\/plejada.romanisci.edu.pl\/serdecznie-zapraszamy-panstwa-na-kolejny-wyklad-wyklad-plejady-tym-razem-zostanie-on-poprowadzony-przez-dr-michala-obszynskiego\/\" target=\"_blank\" rel=\"noreferrer noopener\">https:\/\/plejada.romanisci.edu.pl\/serdecznie-zapraszamy-panstwa-na-kolejny-wyklad-wyklad-plejady-tym-razem-zostanie-on-poprowadzony-przez-dr-michala-obszynskiego\/<\/a><\/p>\n\n\n\n<p class=\"wp-block-paragraph\">Serdecznie Pa\u0144stwa zapraszam na to spotkanie.<\/p>\n\n\n\n<p class=\"wp-block-paragraph\">Z wyrazami szacunku<br>Micha\u0142 Obszy\u0144ski<\/p>\n","protected":false},"excerpt":{"rendered":"<p>W najbli\u017csz\u0105 sobot\u0119, w godzinach 10-11.30, w ramach serii wyk\u0142adowej organizowanej przez Akademickie Towarzystwo Romanist\u00f3w Polskich Plejada, b\u0119d\u0119 mie\u0107 przyjemno\u015b\u0107 wyg\u0142osi\u0107 wyk\u0142ad pt. &#8222;Paris (1956) \u2012 Dakar (2019) : la litt\u00e9rature au service des communaut\u00e9s africaines et afro-descendantes dans le discours des Congr\u00e8s des \u00e9crivains et artistes noirs et des Ateliers de la pens\u00e9e de [&hellip;]<\/p>\n","protected":false},"author":3,"featured_media":0,"comment_status":"closed","ping_status":"closed","sticky":false,"template":"","format":"standard","meta":{"footnotes":""},"categories":[6,7],"tags":[],"class_list":["post-3112","post","type-post","status-publish","format-standard","hentry","category-ogloszenia-dla-pracownikow","category-ogloszenia-dla-studentow"],"_links":{"self":[{"href":"https:\/\/romanistyka.wn.uw.edu.pl\/index.php\/wp-json\/wp\/v2\/posts\/3112","targetHints":{"allow":["GET"]}}],"collection":[{"href":"https:\/\/romanistyka.wn.uw.edu.pl\/index.php\/wp-json\/wp\/v2\/posts"}],"about":[{"href":"https:\/\/romanistyka.wn.uw.edu.pl\/index.php\/wp-json\/wp\/v2\/types\/post"}],"author":[{"embeddable":true,"href":"https:\/\/romanistyka.wn.uw.edu.pl\/index.php\/wp-json\/wp\/v2\/users\/3"}],"replies":[{"embeddable":true,"href":"https:\/\/romanistyka.wn.uw.edu.pl\/index.php\/wp-json\/wp\/v2\/comments?post=3112"}],"version-history":[{"count":1,"href":"https:\/\/romanistyka.wn.uw.edu.pl\/index.php\/wp-json\/wp\/v2\/posts\/3112\/revisions"}],"predecessor-version":[{"id":3113,"href":"https:\/\/romanistyka.wn.uw.edu.pl\/index.php\/wp-json\/wp\/v2\/posts\/3112\/revisions\/3113"}],"wp:attachment":[{"href":"https:\/\/romanistyka.wn.uw.edu.pl\/index.php\/wp-json\/wp\/v2\/media?parent=3112"}],"wp:term":[{"taxonomy":"category","embeddable":true,"href":"https:\/\/romanistyka.wn.uw.edu.pl\/index.php\/wp-json\/wp\/v2\/categories?post=3112"},{"taxonomy":"post_tag","embeddable":true,"href":"https:\/\/romanistyka.wn.uw.edu.pl\/index.php\/wp-json\/wp\/v2\/tags?post=3112"}],"curies":[{"name":"wp","href":"https:\/\/api.w.org\/{rel}","templated":true}]}}