{"id":3097,"date":"2024-05-07T09:35:43","date_gmt":"2024-05-07T09:35:43","guid":{"rendered":"https:\/\/romanistyka.wn.uw.edu.pl\/?p=3097"},"modified":"2024-05-07T09:35:46","modified_gmt":"2024-05-07T09:35:46","slug":"zaproszenie-na-wyklady-2","status":"publish","type":"post","link":"https:\/\/romanistyka.wn.uw.edu.pl\/index.php\/2024\/05\/07\/zaproszenie-na-wyklady-2\/","title":{"rendered":"Zaproszenie na wyk\u0142ady"},"content":{"rendered":"\n<p class=\"wp-block-paragraph\">Szanowni Pa\u0144stwo,<br>W tygodniu 6-10 maja go\u015bciem Instytutu Romanistyki w ramach programu Erasmus+<br>b\u0119dzie prof. Hans-J\u00fcrgen L\u00fcsebrink z Uniwersytetu Kraju Saary.<br>Profesor wyg\u0142osi dwa wyk\u0142ady, na kt\u00f3re serdecznie Pa\u0144stwa zapraszamy:<br>W czwartek, 9 maja, o 13:15, w sali 1.242 Les transferts culturels &#8211; cadre th\u00e9orique,<br>concepts m\u00e9thodologiques et \u00e9tudes de cas<br>W czwartek, 9 maja, o 15:00, w sali 1.242 Approches interculturelles des litt\u00e9ratures<br>migrantes au Qu\u00e9bec &#8211; r\u00e9flexions m\u00e9thodologiques \u00e0 partir des \u0153uvres de Marco<br>Micone, d&#8217;Abla&nbsp;Farhoud et de Kim Th\u00fay&nbsp;<br>Do zobaczenia!<\/p>\n","protected":false},"excerpt":{"rendered":"<p>Szanowni Pa\u0144stwo,W tygodniu 6-10 maja go\u015bciem Instytutu Romanistyki w ramach programu Erasmus+b\u0119dzie prof. Hans-J\u00fcrgen L\u00fcsebrink z Uniwersytetu Kraju Saary.Profesor wyg\u0142osi dwa wyk\u0142ady, na kt\u00f3re serdecznie Pa\u0144stwa zapraszamy:W czwartek, 9 maja, o 13:15, w sali 1.242 Les transferts culturels &#8211; cadre th\u00e9orique,concepts m\u00e9thodologiques et \u00e9tudes de casW czwartek, 9 maja, o 15:00, w sali 1.242 Approches [&hellip;]<\/p>\n","protected":false},"author":3,"featured_media":0,"comment_status":"closed","ping_status":"closed","sticky":false,"template":"","format":"standard","meta":{"footnotes":""},"categories":[6,7],"tags":[],"class_list":["post-3097","post","type-post","status-publish","format-standard","hentry","category-ogloszenia-dla-pracownikow","category-ogloszenia-dla-studentow"],"_links":{"self":[{"href":"https:\/\/romanistyka.wn.uw.edu.pl\/index.php\/wp-json\/wp\/v2\/posts\/3097","targetHints":{"allow":["GET"]}}],"collection":[{"href":"https:\/\/romanistyka.wn.uw.edu.pl\/index.php\/wp-json\/wp\/v2\/posts"}],"about":[{"href":"https:\/\/romanistyka.wn.uw.edu.pl\/index.php\/wp-json\/wp\/v2\/types\/post"}],"author":[{"embeddable":true,"href":"https:\/\/romanistyka.wn.uw.edu.pl\/index.php\/wp-json\/wp\/v2\/users\/3"}],"replies":[{"embeddable":true,"href":"https:\/\/romanistyka.wn.uw.edu.pl\/index.php\/wp-json\/wp\/v2\/comments?post=3097"}],"version-history":[{"count":1,"href":"https:\/\/romanistyka.wn.uw.edu.pl\/index.php\/wp-json\/wp\/v2\/posts\/3097\/revisions"}],"predecessor-version":[{"id":3098,"href":"https:\/\/romanistyka.wn.uw.edu.pl\/index.php\/wp-json\/wp\/v2\/posts\/3097\/revisions\/3098"}],"wp:attachment":[{"href":"https:\/\/romanistyka.wn.uw.edu.pl\/index.php\/wp-json\/wp\/v2\/media?parent=3097"}],"wp:term":[{"taxonomy":"category","embeddable":true,"href":"https:\/\/romanistyka.wn.uw.edu.pl\/index.php\/wp-json\/wp\/v2\/categories?post=3097"},{"taxonomy":"post_tag","embeddable":true,"href":"https:\/\/romanistyka.wn.uw.edu.pl\/index.php\/wp-json\/wp\/v2\/tags?post=3097"}],"curies":[{"name":"wp","href":"https:\/\/api.w.org\/{rel}","templated":true}]}}