{"id":3047,"date":"2024-04-15T09:14:42","date_gmt":"2024-04-15T09:14:42","guid":{"rendered":"https:\/\/romanistyka.wn.uw.edu.pl\/?p=3047"},"modified":"2024-04-15T09:14:44","modified_gmt":"2024-04-15T09:14:44","slug":"zaproszenie-na-wyklady","status":"publish","type":"post","link":"https:\/\/romanistyka.wn.uw.edu.pl\/index.php\/2024\/04\/15\/zaproszenie-na-wyklady\/","title":{"rendered":"Zaproszenie na wyk\u0142ady"},"content":{"rendered":"\n<p class=\"wp-block-paragraph\">Szanowni Pa\u0144stwo,<\/p>\n\n\n\n<p class=\"wp-block-paragraph\">Czy Wolter by\u0142 wegetarianinem? Czy w XVIII w. wybierano specjalne diety, \u017ceby \u017cywi\u0107 si\u0119 zdrowo? A mo\u017ce pobudki, \u017ceby nie je\u015b\u0107 mi\u0119sa by\u0142y wtedy inne ni\u017c dzi\u015b ? Mog\u0105 si\u0119 Pa\u0144stwo o tym przekona\u0107, przychodz\u0105c na wyk\u0142ad naszej erasmusowej go\u015bcini z Uniwersytetu Paul-Val\u00e9ry w Montpellier, prof. Lindy GIL. Wyk\u0142ad <em>Voltaire v\u00e9g\u00e9tarien<\/em> odb\u0119dzie si\u0119 we wtorek, 16 kwietnia, o 9h45, w sali 3.146. Serdecznie zapraszamy!<\/p>\n\n\n\n<div style=\"height:37px\" aria-hidden=\"true\" class=\"wp-block-spacer\"><\/div>\n\n\n\n<p class=\"wp-block-paragraph\">Wiek XVIII cz\u0119sto bywa nazywany \u201ewiekiem rozwi\u0105z\u0142o\u015bci\u201d, ale jak \u017cycie seksualne mo\u017ce wp\u0142ywa\u0107 na literatur\u0119? Mog\u0105 si\u0119 Pa\u0144stwo o tym przekona\u0107, przychodz\u0105c na wyk\u0142ad naszego erasmusowego go\u015bcia z Uniwersytetu Paul-Val\u00e9ry w Montpellier, prof. Francka SALA\u00dcNA. Wyk\u0142ad <em>Les libert\u00e9s sexuelles au miroir des genres litt\u00e9raires dans la litt\u00e9rature fran\u00e7aise du XVIII<sup>e<\/sup> si\u00e8cle<\/em> odb\u0119dzie si\u0119 w czwartek, 18 kwietnia, o 13h15, w sali 3.014. Serdecznie zapraszamy!<\/p>\n","protected":false},"excerpt":{"rendered":"<p>Szanowni Pa\u0144stwo, Czy Wolter by\u0142 wegetarianinem? Czy w XVIII w. wybierano specjalne diety, \u017ceby \u017cywi\u0107 si\u0119 zdrowo? A mo\u017ce pobudki, \u017ceby nie je\u015b\u0107 mi\u0119sa by\u0142y wtedy inne ni\u017c dzi\u015b ? Mog\u0105 si\u0119 Pa\u0144stwo o tym przekona\u0107, przychodz\u0105c na wyk\u0142ad naszej erasmusowej go\u015bcini z Uniwersytetu Paul-Val\u00e9ry w Montpellier, prof. Lindy GIL. Wyk\u0142ad Voltaire v\u00e9g\u00e9tarien odb\u0119dzie si\u0119 [&hellip;]<\/p>\n","protected":false},"author":3,"featured_media":0,"comment_status":"closed","ping_status":"closed","sticky":false,"template":"","format":"standard","meta":{"footnotes":""},"categories":[6,7],"tags":[],"class_list":["post-3047","post","type-post","status-publish","format-standard","hentry","category-ogloszenia-dla-pracownikow","category-ogloszenia-dla-studentow"],"_links":{"self":[{"href":"https:\/\/romanistyka.wn.uw.edu.pl\/index.php\/wp-json\/wp\/v2\/posts\/3047","targetHints":{"allow":["GET"]}}],"collection":[{"href":"https:\/\/romanistyka.wn.uw.edu.pl\/index.php\/wp-json\/wp\/v2\/posts"}],"about":[{"href":"https:\/\/romanistyka.wn.uw.edu.pl\/index.php\/wp-json\/wp\/v2\/types\/post"}],"author":[{"embeddable":true,"href":"https:\/\/romanistyka.wn.uw.edu.pl\/index.php\/wp-json\/wp\/v2\/users\/3"}],"replies":[{"embeddable":true,"href":"https:\/\/romanistyka.wn.uw.edu.pl\/index.php\/wp-json\/wp\/v2\/comments?post=3047"}],"version-history":[{"count":1,"href":"https:\/\/romanistyka.wn.uw.edu.pl\/index.php\/wp-json\/wp\/v2\/posts\/3047\/revisions"}],"predecessor-version":[{"id":3048,"href":"https:\/\/romanistyka.wn.uw.edu.pl\/index.php\/wp-json\/wp\/v2\/posts\/3047\/revisions\/3048"}],"wp:attachment":[{"href":"https:\/\/romanistyka.wn.uw.edu.pl\/index.php\/wp-json\/wp\/v2\/media?parent=3047"}],"wp:term":[{"taxonomy":"category","embeddable":true,"href":"https:\/\/romanistyka.wn.uw.edu.pl\/index.php\/wp-json\/wp\/v2\/categories?post=3047"},{"taxonomy":"post_tag","embeddable":true,"href":"https:\/\/romanistyka.wn.uw.edu.pl\/index.php\/wp-json\/wp\/v2\/tags?post=3047"}],"curies":[{"name":"wp","href":"https:\/\/api.w.org\/{rel}","templated":true}]}}