{"id":304,"date":"2023-02-03T13:04:38","date_gmt":"2023-02-03T13:04:38","guid":{"rendered":"https:\/\/romanistyka.wn.uw.edu.pl\/?p=304"},"modified":"2023-02-03T13:29:02","modified_gmt":"2023-02-03T13:29:02","slug":"interdyscyplinarne-seminarium-instytutu-zajonca-instytut-studiow-spolecznych-uw","status":"publish","type":"post","link":"https:\/\/romanistyka.wn.uw.edu.pl\/index.php\/2023\/02\/03\/interdyscyplinarne-seminarium-instytutu-zajonca-instytut-studiow-spolecznych-uw\/","title":{"rendered":"Interdyscyplinarne Seminarium Instytutu Zajonca (Instytut Studi\u00f3w Spo\u0142ecznych UW)"},"content":{"rendered":"\n<p class=\"wp-block-paragraph\">Szanowni Pa\u0144stwo,<\/p>\n\n\n\n<p class=\"wp-block-paragraph\">Serdecznie zapraszamy na spotkanie w ramach Interdyscyplinarnego Seminarium Instytutu Zajonca (Instytut Studi\u00f3w Spo\u0142ecznych UW).<br>Wyst\u0105pienie pt. &#8222;<strong>Dynamika proces\u00f3w zwi\u0105zanych z to\u017csamo\u015bci\u0105 spo\u0142eczn\u0105 a pomaganie uchod\u017acom wojennym z Ukrainy<\/strong>&#8221; wyg\u0142osi&nbsp;<strong>prof. Ma\u0142gorzata&nbsp;Kossowska<\/strong>&nbsp;z Uniwersytetu Jagiello\u0144skiego. W roli dyskutanta go\u015bci\u0107 b\u0119dziemy&nbsp;<strong>dr. hab. prof. UW Micha\u0142a Bilewicza<\/strong>.<\/p>\n\n\n\n<p class=\"wp-block-paragraph\">Seminarium odb\u0119dzie si\u0119 27 stycznia 2023 r. (pi\u0105tek) w godz. 12.00-13.30 na platformie Zoom.<\/p>\n\n\n\n<p class=\"wp-block-paragraph\">Link do spotkania:<\/p>\n\n\n\n<p class=\"wp-block-paragraph\"><a href=\"https:\/\/uw-edu-pl.zoom.us\/j\/96176900807?pwd=ZFZIdFl4THRCclV5ZGZMdDVFajJGZz09\">https:\/\/uw-edu-pl.zoom.us\/j\/96176900807?pwd=ZFZIdFl4THRCclV5ZGZMdDVFajJGZz09<\/a><\/p>\n\n\n\n<p class=\"wp-block-paragraph\">Identyfikator spotkania:&nbsp; 961 7690 0807<\/p>\n\n\n\n<p class=\"wp-block-paragraph\">Kod dost\u0119pu:&nbsp;&nbsp;082223<\/p>\n\n\n\n<p class=\"wp-block-paragraph\">W razie pyta\u0144, prosimy o kontakt z dr Ann\u0105 Wnuk&nbsp;<a target=\"_blank\" rel=\"noreferrer noopener\">anna.wnuk@psych.uw.edu.pl<\/a>.<\/p>\n\n\n\n<p class=\"wp-block-paragraph\">Poni\u017cej znajduje si\u0119 abstrakt wyst\u0105pienia.<\/p>\n\n\n\n<p class=\"wp-block-paragraph\"><strong>Dynamika proces\u00f3w zwi\u0105zanych z to\u017csamo\u015bci\u0105 spo\u0142eczn\u0105 a pomaganie uchod\u017acom wojennym z Ukrainy<\/strong><br>Ma\u0142gorzata&nbsp;Kossowska, Jolanta Perek-Bia\u0142as, Mateusz Blukacz, Paulina Szwed, Ewa Szumowska, Aneta Czernatowicz-Kukuczka<br>(Jagiellonian Interdisciplinary Centre for Research on Behavior in Crisis)<\/p>\n\n\n\n<p class=\"wp-block-paragraph\">Procesy kszta\u0142tuj\u0105ce pomaganie vs. niepomaganie uchod\u017acom wojennym s\u0105 przedmiotem analiz psychologicznych od wielu lat. Rzadko jednak uwzgl\u0119dnia si\u0119 w tych pracach podej\u015bcie wskazuj\u0105ce na rol\u0119 to\u017csamo\u015bci spo\u0142ecznej. W naszym badaniu skupili\u015bmy si\u0119 na ukazaniu jak procesy zwi\u0105zane z to\u017csamo\u015bci\u0105 spo\u0142eczn\u0105, tj. prospektywny l\u0119k (przed wrogo\u015bci\u0105 Rosji wobec kraju pomagaj\u0105cego), blisko\u015b\u0107 i grupowe normy pomagania kszta\u0142tuj\u0105 pomaganie uchod\u017acom wojennym. Za\u0142o\u017cyli\u015bmy, \u017ce czynniki te konstytuuj\u0105 poczucie wsp\u00f3lnego losu i ta wsp\u00f3lno\u015b\u0107 (\u201ewe-ness\u201d) sprzyja pomaganiu. Spodziewali\u015bmy si\u0119 jednak, \u017ce wp\u0142yw l\u0119ku na pomaganie b\u0119dzie z czasem mala\u0142, ale przewidywali\u015bmy, \u017ce postrzegana blisko\u015b\u0107 i norma pomagania nadal b\u0119d\u0105 przewidywa\u0107 zbiorowe wysi\u0142ki na rzecz pomocy. Aby uchwyci\u0107 t\u0119 dynamik\u0119 przeprowadzili\u015bmy czterofalowe badanie panelowe (N = 603; w odst\u0119pie dw\u00f3ch i czterech tygodni w marcu i kwietniu 2022 roku). Kontekstem dla niego by\u0142 kryzys uchod\u017aczy w Polsce zwi\u0105zany z inwazj\u0105 Rosji na Ukrain\u0119. Uczestnik\u00f3w badania pytali\u015bmy o ich dzia\u0142ania pomocowe w ci\u0105gu tygodnia poprzedzaj\u0105cego badanie; odpowiadali oni r\u00f3wnie\u017c na pytania dotycz\u0105ce prospektywnego l\u0119ku, blisko\u015bci wobec uchod\u017ac\u00f3w z Ukrainy oraz grupowych norm pomagania. Wyniki pokaza\u0142y, \u017ce gotowo\u015b\u0107 do pomocy uchod\u017acom wojennym maleje wraz z up\u0142ywem czasu. Zaobserwowali\u015bmy r\u00f3wnie\u017c, \u017ce l\u0119k prospektywny przewiduje pomaganie w pierwszej fali, ale wraz z up\u0142ywem czasu jego wp\u0142yw na pomaganie r\u00f3wnie\u017c maleje. Poczucie blisko\u015bci wobec uchod\u017ac\u00f3w i normy wsp\u00f3lnotowe dotycz\u0105ce pomagania osobno przyczyniaj\u0105 si\u0119 do utrzymania pomagania, kompensuj\u0105c w ten spos\u00f3b zmniejszanie si\u0119 roli l\u0119ku. Wyniki badania pokazuj\u0105 znaczenie roli proces\u00f3w to\u017csamo\u015bci spo\u0142ecznej dla pomagania uchod\u017acom wojennym i mog\u0105 by\u0107 wykorzystane do rozszerzenia i udoskonalenia reakcji na inne, ni\u017c ten zwi\u0105zany z wojn\u0105 w Ukrainie, kryzysy humanitarne.<\/p>\n\n\n\n<p class=\"wp-block-paragraph\">\u0141\u0105cz\u0119 pozdrowienia,<\/p>\n\n\n\n<p class=\"wp-block-paragraph\">Ma\u0142gorzata Molska<\/p>\n","protected":false},"excerpt":{"rendered":"<p>Szanowni Pa\u0144stwo, Serdecznie zapraszamy na spotkanie w ramach Interdyscyplinarnego Seminarium Instytutu Zajonca (Instytut Studi\u00f3w Spo\u0142ecznych UW).Wyst\u0105pienie pt. &#8222;Dynamika proces\u00f3w zwi\u0105zanych z to\u017csamo\u015bci\u0105 spo\u0142eczn\u0105 a pomaganie uchod\u017acom wojennym z Ukrainy&#8221; wyg\u0142osi&nbsp;prof. Ma\u0142gorzata&nbsp;Kossowska&nbsp;z Uniwersytetu Jagiello\u0144skiego. W roli dyskutanta go\u015bci\u0107 b\u0119dziemy&nbsp;dr. hab. prof. UW Micha\u0142a Bilewicza. Seminarium odb\u0119dzie si\u0119 27 stycznia 2023 r. (pi\u0105tek) w godz. 12.00-13.30 na [&hellip;]<\/p>\n","protected":false},"author":1,"featured_media":0,"comment_status":"open","ping_status":"open","sticky":false,"template":"","format":"standard","meta":{"footnotes":""},"categories":[6],"tags":[],"class_list":["post-304","post","type-post","status-publish","format-standard","hentry","category-ogloszenia-dla-pracownikow"],"_links":{"self":[{"href":"https:\/\/romanistyka.wn.uw.edu.pl\/index.php\/wp-json\/wp\/v2\/posts\/304","targetHints":{"allow":["GET"]}}],"collection":[{"href":"https:\/\/romanistyka.wn.uw.edu.pl\/index.php\/wp-json\/wp\/v2\/posts"}],"about":[{"href":"https:\/\/romanistyka.wn.uw.edu.pl\/index.php\/wp-json\/wp\/v2\/types\/post"}],"author":[{"embeddable":true,"href":"https:\/\/romanistyka.wn.uw.edu.pl\/index.php\/wp-json\/wp\/v2\/users\/1"}],"replies":[{"embeddable":true,"href":"https:\/\/romanistyka.wn.uw.edu.pl\/index.php\/wp-json\/wp\/v2\/comments?post=304"}],"version-history":[{"count":1,"href":"https:\/\/romanistyka.wn.uw.edu.pl\/index.php\/wp-json\/wp\/v2\/posts\/304\/revisions"}],"predecessor-version":[{"id":305,"href":"https:\/\/romanistyka.wn.uw.edu.pl\/index.php\/wp-json\/wp\/v2\/posts\/304\/revisions\/305"}],"wp:attachment":[{"href":"https:\/\/romanistyka.wn.uw.edu.pl\/index.php\/wp-json\/wp\/v2\/media?parent=304"}],"wp:term":[{"taxonomy":"category","embeddable":true,"href":"https:\/\/romanistyka.wn.uw.edu.pl\/index.php\/wp-json\/wp\/v2\/categories?post=304"},{"taxonomy":"post_tag","embeddable":true,"href":"https:\/\/romanistyka.wn.uw.edu.pl\/index.php\/wp-json\/wp\/v2\/tags?post=304"}],"curies":[{"name":"wp","href":"https:\/\/api.w.org\/{rel}","templated":true}]}}