{"id":3022,"date":"2024-04-04T07:15:30","date_gmt":"2024-04-04T07:15:30","guid":{"rendered":"https:\/\/romanistyka.wn.uw.edu.pl\/?p=3022"},"modified":"2024-04-04T07:15:39","modified_gmt":"2024-04-04T07:15:39","slug":"mobilnosc-polsko-francuska-oferta-dla-studentow-i-naukowcow","status":"publish","type":"post","link":"https:\/\/romanistyka.wn.uw.edu.pl\/index.php\/2024\/04\/04\/mobilnosc-polsko-francuska-oferta-dla-studentow-i-naukowcow\/","title":{"rendered":"Mobilno\u015b\u0107 polsko-francuska &#8211; oferta dla student\u00f3w i naukowc\u00f3w"},"content":{"rendered":"\n<p class=\"wp-block-paragraph\">Szanowni Pa\u0144stwo,<\/p>\n\n\n\n<p class=\"wp-block-paragraph\">w przysz\u0142ym tygodniu&nbsp;<strong>10 kwietnia (\u015broda) w godzinach 9:00-10:45&nbsp;<\/strong>odb\u0119dzie si\u0119&nbsp;<strong>webinar dotycz\u0105cy oferty mobilno\u015bci naukowej pomi\u0119dzy Polsk\u0105 a Francj\u0105<\/strong>. Wydarzenie jest skierowane do student\u00f3w, doktorant\u00f3w i naukowc\u00f3w.<\/p>\n\n\n\n<p class=\"wp-block-paragraph\">Webinar jest organizowany przez <strong>Polsk\u0105 Akademi\u0119 Nauk Stacj\u0119 Naukow\u0105 w Pary\u017cu<\/strong> przy wsparciu partner\u00f3w: Narodowego Centrum Nauki (NCN), Narodowej Agencji Wymiany Akademickiej (NAWA), Ambasady Francji w Polsce, Campus France Pologne, Association des Polonais des Grandes \u00c9coles Fran\u00e7aises (APGEF) oraz Association des \u00c9tudiants Polonais en France (ASPOL).<\/p>\n\n\n\n<p class=\"wp-block-paragraph\">Szczeg\u00f3\u0142y dotycz\u0105ce wydarzenia oraz link do\u00a0<a href=\"https:\/\/events.teams.microsoft.com\/event\/28b30ef2-7118-4e92-b017-935b5d98fdae@c09e1b13-b101-4ccc-9d9b-05118a718591\" target=\"_blank\" rel=\"noreferrer noopener\">rejestracji<\/a><a href=\"https:\/\/events.teams.microsoft.com\/event\/28b30ef2-7118-4e92-b017-935b5d98fdae@c09e1b13-b101-4ccc-9d9b-05118a718591\" target=\"_blank\" rel=\"noreferrer noopener\">\u00a0<\/a>znajduj\u0105 si\u0119 na stronie Polskiej Akademii Nauk Stacji Naukowej w Pary\u017cu:<a href=\"https:\/\/paris.pan.pl\/events\/mobilnosc-polsko-francuska-oferta-dla-studentow-i-naukowcow\/\" target=\"_blank\" rel=\"noreferrer noopener\">https:\/\/paris.pan.pl\/events\/mobilnosc-polsko-francuska-oferta-dla-studentow-i-naukowcow\/<\/a>\u00a0<\/p>\n\n\n\n<p class=\"wp-block-paragraph\">Serdecznie<\/p>\n\n\n\n<p class=\"wp-block-paragraph\">Ma\u0142gorzata Molska <\/p>\n","protected":false},"excerpt":{"rendered":"<p>Szanowni Pa\u0144stwo, w przysz\u0142ym tygodniu&nbsp;10 kwietnia (\u015broda) w godzinach 9:00-10:45&nbsp;odb\u0119dzie si\u0119&nbsp;webinar dotycz\u0105cy oferty mobilno\u015bci naukowej pomi\u0119dzy Polsk\u0105 a Francj\u0105. Wydarzenie jest skierowane do student\u00f3w, doktorant\u00f3w i naukowc\u00f3w. Webinar jest organizowany przez Polsk\u0105 Akademi\u0119 Nauk Stacj\u0119 Naukow\u0105 w Pary\u017cu przy wsparciu partner\u00f3w: Narodowego Centrum Nauki (NCN), Narodowej Agencji Wymiany Akademickiej (NAWA), Ambasady Francji w Polsce, Campus [&hellip;]<\/p>\n","protected":false},"author":4,"featured_media":0,"comment_status":"open","ping_status":"open","sticky":false,"template":"","format":"standard","meta":{"footnotes":""},"categories":[6,7],"tags":[],"class_list":["post-3022","post","type-post","status-publish","format-standard","hentry","category-ogloszenia-dla-pracownikow","category-ogloszenia-dla-studentow"],"_links":{"self":[{"href":"https:\/\/romanistyka.wn.uw.edu.pl\/index.php\/wp-json\/wp\/v2\/posts\/3022","targetHints":{"allow":["GET"]}}],"collection":[{"href":"https:\/\/romanistyka.wn.uw.edu.pl\/index.php\/wp-json\/wp\/v2\/posts"}],"about":[{"href":"https:\/\/romanistyka.wn.uw.edu.pl\/index.php\/wp-json\/wp\/v2\/types\/post"}],"author":[{"embeddable":true,"href":"https:\/\/romanistyka.wn.uw.edu.pl\/index.php\/wp-json\/wp\/v2\/users\/4"}],"replies":[{"embeddable":true,"href":"https:\/\/romanistyka.wn.uw.edu.pl\/index.php\/wp-json\/wp\/v2\/comments?post=3022"}],"version-history":[{"count":1,"href":"https:\/\/romanistyka.wn.uw.edu.pl\/index.php\/wp-json\/wp\/v2\/posts\/3022\/revisions"}],"predecessor-version":[{"id":3023,"href":"https:\/\/romanistyka.wn.uw.edu.pl\/index.php\/wp-json\/wp\/v2\/posts\/3022\/revisions\/3023"}],"wp:attachment":[{"href":"https:\/\/romanistyka.wn.uw.edu.pl\/index.php\/wp-json\/wp\/v2\/media?parent=3022"}],"wp:term":[{"taxonomy":"category","embeddable":true,"href":"https:\/\/romanistyka.wn.uw.edu.pl\/index.php\/wp-json\/wp\/v2\/categories?post=3022"},{"taxonomy":"post_tag","embeddable":true,"href":"https:\/\/romanistyka.wn.uw.edu.pl\/index.php\/wp-json\/wp\/v2\/tags?post=3022"}],"curies":[{"name":"wp","href":"https:\/\/api.w.org\/{rel}","templated":true}]}}