{"id":3006,"date":"2024-03-21T18:28:22","date_gmt":"2024-03-21T18:28:22","guid":{"rendered":"https:\/\/romanistyka.wn.uw.edu.pl\/?p=3006"},"modified":"2024-03-21T18:29:25","modified_gmt":"2024-03-21T18:29:25","slug":"fonetyka-opisowa-dodatkowy-termin-egzaminu-13-04-2024r","status":"publish","type":"post","link":"https:\/\/romanistyka.wn.uw.edu.pl\/index.php\/2024\/03\/21\/fonetyka-opisowa-dodatkowy-termin-egzaminu-13-04-2024r\/","title":{"rendered":"Fonetyka Opisowa &#8211; dodatkowy termin egzaminu: 13.04.2024r."},"content":{"rendered":"\n<p class=\"wp-block-paragraph\">W dniu <strong>13 kwietnia b.r., w godzinach 10.00 \u2013 13.00 (sala 3.142<\/strong>) \u00a0odb\u0119dzie si\u0119 egzamin z Fonetyki Opisowej dla os\u00f3b, kt\u00f3re nie mog\u0142y stawi\u0107 si\u0119 w poprzednich terminach ze wzgl\u0119d\u00f3w zdrowotnych (konieczne jest za\u015bwiadczenie lekarskie).<\/p>\n\n\n\n<p class=\"wp-block-paragraph\">Pozdrawiam serdecznie,<\/p>\n\n\n\n<p class=\"wp-block-paragraph\">Agnieszka Janion<\/p>\n","protected":false},"excerpt":{"rendered":"<p>W dniu 13 kwietnia b.r., w godzinach 10.00 \u2013 13.00 (sala 3.142) \u00a0odb\u0119dzie si\u0119 egzamin z Fonetyki Opisowej dla os\u00f3b, kt\u00f3re nie mog\u0142y stawi\u0107 si\u0119 w poprzednich terminach ze wzgl\u0119d\u00f3w zdrowotnych (konieczne jest za\u015bwiadczenie lekarskie). Pozdrawiam serdecznie, Agnieszka Janion<\/p>\n","protected":false},"author":6,"featured_media":0,"comment_status":"open","ping_status":"open","sticky":false,"template":"","format":"standard","meta":{"footnotes":""},"categories":[7],"tags":[],"class_list":["post-3006","post","type-post","status-publish","format-standard","hentry","category-ogloszenia-dla-studentow"],"_links":{"self":[{"href":"https:\/\/romanistyka.wn.uw.edu.pl\/index.php\/wp-json\/wp\/v2\/posts\/3006","targetHints":{"allow":["GET"]}}],"collection":[{"href":"https:\/\/romanistyka.wn.uw.edu.pl\/index.php\/wp-json\/wp\/v2\/posts"}],"about":[{"href":"https:\/\/romanistyka.wn.uw.edu.pl\/index.php\/wp-json\/wp\/v2\/types\/post"}],"author":[{"embeddable":true,"href":"https:\/\/romanistyka.wn.uw.edu.pl\/index.php\/wp-json\/wp\/v2\/users\/6"}],"replies":[{"embeddable":true,"href":"https:\/\/romanistyka.wn.uw.edu.pl\/index.php\/wp-json\/wp\/v2\/comments?post=3006"}],"version-history":[{"count":1,"href":"https:\/\/romanistyka.wn.uw.edu.pl\/index.php\/wp-json\/wp\/v2\/posts\/3006\/revisions"}],"predecessor-version":[{"id":3007,"href":"https:\/\/romanistyka.wn.uw.edu.pl\/index.php\/wp-json\/wp\/v2\/posts\/3006\/revisions\/3007"}],"wp:attachment":[{"href":"https:\/\/romanistyka.wn.uw.edu.pl\/index.php\/wp-json\/wp\/v2\/media?parent=3006"}],"wp:term":[{"taxonomy":"category","embeddable":true,"href":"https:\/\/romanistyka.wn.uw.edu.pl\/index.php\/wp-json\/wp\/v2\/categories?post=3006"},{"taxonomy":"post_tag","embeddable":true,"href":"https:\/\/romanistyka.wn.uw.edu.pl\/index.php\/wp-json\/wp\/v2\/tags?post=3006"}],"curies":[{"name":"wp","href":"https:\/\/api.w.org\/{rel}","templated":true}]}}