{"id":2989,"date":"2024-03-17T23:30:19","date_gmt":"2024-03-17T23:30:19","guid":{"rendered":"https:\/\/romanistyka.wn.uw.edu.pl\/?p=2989"},"modified":"2024-03-17T23:30:35","modified_gmt":"2024-03-17T23:30:35","slug":"otwarte-zebranie-naukowe-zj-19-03-br","status":"publish","type":"post","link":"https:\/\/romanistyka.wn.uw.edu.pl\/index.php\/2024\/03\/17\/otwarte-zebranie-naukowe-zj-19-03-br\/","title":{"rendered":"Otwarte zebranie naukowe ZJ, 19.03.br."},"content":{"rendered":"\n<p class=\"wp-block-paragraph\">Zapraszam na otwarte zebranie naukowe Zak\u0142adu J\u0119zykoznawstwa, na kt\u00f3rym dr hab. Wanda Fija\u0142kowska wyg\u0142osi referat pt. &#8222;Przek\u0142ad na francuski\u00a0 wybranych polskich przedrostkowych czasownik\u00f3w\u00a0ruchu\u00a0w korpusie dialog\u00f3w filmowych&#8221;. Zebranie odb\u0119dzie si\u0119 we wtorek 19 marca br. o godz. 16.40 w sali 3.150. <\/p>\n\n\n\n<p class=\"wp-block-paragraph\"><\/p>\n\n\n\n<p class=\"wp-block-paragraph\"><\/p>\n\n\n\n<p class=\"wp-block-paragraph\"><\/p>\n","protected":false},"excerpt":{"rendered":"<p>Zapraszam na otwarte zebranie naukowe Zak\u0142adu J\u0119zykoznawstwa, na kt\u00f3rym dr hab. Wanda Fija\u0142kowska wyg\u0142osi referat pt. &#8222;Przek\u0142ad na francuski\u00a0 wybranych polskich przedrostkowych czasownik\u00f3w\u00a0ruchu\u00a0w korpusie dialog\u00f3w filmowych&#8221;. Zebranie odb\u0119dzie si\u0119 we wtorek 19 marca br. o godz. 16.40 w sali 3.150.<\/p>\n","protected":false},"author":6,"featured_media":0,"comment_status":"open","ping_status":"open","sticky":false,"template":"","format":"standard","meta":{"footnotes":""},"categories":[6,7],"tags":[],"class_list":["post-2989","post","type-post","status-publish","format-standard","hentry","category-ogloszenia-dla-pracownikow","category-ogloszenia-dla-studentow"],"_links":{"self":[{"href":"https:\/\/romanistyka.wn.uw.edu.pl\/index.php\/wp-json\/wp\/v2\/posts\/2989","targetHints":{"allow":["GET"]}}],"collection":[{"href":"https:\/\/romanistyka.wn.uw.edu.pl\/index.php\/wp-json\/wp\/v2\/posts"}],"about":[{"href":"https:\/\/romanistyka.wn.uw.edu.pl\/index.php\/wp-json\/wp\/v2\/types\/post"}],"author":[{"embeddable":true,"href":"https:\/\/romanistyka.wn.uw.edu.pl\/index.php\/wp-json\/wp\/v2\/users\/6"}],"replies":[{"embeddable":true,"href":"https:\/\/romanistyka.wn.uw.edu.pl\/index.php\/wp-json\/wp\/v2\/comments?post=2989"}],"version-history":[{"count":1,"href":"https:\/\/romanistyka.wn.uw.edu.pl\/index.php\/wp-json\/wp\/v2\/posts\/2989\/revisions"}],"predecessor-version":[{"id":2990,"href":"https:\/\/romanistyka.wn.uw.edu.pl\/index.php\/wp-json\/wp\/v2\/posts\/2989\/revisions\/2990"}],"wp:attachment":[{"href":"https:\/\/romanistyka.wn.uw.edu.pl\/index.php\/wp-json\/wp\/v2\/media?parent=2989"}],"wp:term":[{"taxonomy":"category","embeddable":true,"href":"https:\/\/romanistyka.wn.uw.edu.pl\/index.php\/wp-json\/wp\/v2\/categories?post=2989"},{"taxonomy":"post_tag","embeddable":true,"href":"https:\/\/romanistyka.wn.uw.edu.pl\/index.php\/wp-json\/wp\/v2\/tags?post=2989"}],"curies":[{"name":"wp","href":"https:\/\/api.w.org\/{rel}","templated":true}]}}