{"id":2982,"date":"2024-03-13T23:24:42","date_gmt":"2024-03-13T23:24:42","guid":{"rendered":"https:\/\/romanistyka.wn.uw.edu.pl\/?p=2982"},"modified":"2024-03-13T23:24:46","modified_gmt":"2024-03-13T23:24:46","slug":"kontakt-z-prof-pilecka-w-semestrze-letnim","status":"publish","type":"post","link":"https:\/\/romanistyka.wn.uw.edu.pl\/index.php\/2024\/03\/13\/kontakt-z-prof-pilecka-w-semestrze-letnim\/","title":{"rendered":"Kontakt z prof.Pileck\u0105 w semestrze letnim"},"content":{"rendered":"\n<p class=\"wp-block-paragraph\">Szanowni Pa\u0144stwo,<\/p>\n\n\n\n<p class=\"has-pale-pink-background-color has-background wp-block-paragraph\">W semestrze letnim 2023\/24 nie mam zaj\u0119\u0107 ani dy\u017cur\u00f3w !<\/p>\n\n\n\n<p class=\"has-base-background-color has-background wp-block-paragraph\">W sprawach zwi\u0105zanych z fonetyk\u0105 (w szczeg\u00f3lno\u015bci &#8211; je\u015bli chodzi o wgl\u0105d do prac egzaminacyjnych lub kwestie zwi\u0105zane z terminem dla chorych) prosz\u0119 kontaktowa\u0107 si\u0119 z dr Agnieszk\u0105 Janion lub dr Alicj\u0105 Jaworsk\u0105-Kask\u0105. <\/p>\n\n\n\n<p class=\"wp-block-paragraph\">Jestem dost\u0119pna mailowo, ale prosz\u0119 nie spodziewa\u0107 si\u0119 natychmiastowej reakcji \ud83d\ude42<\/p>\n\n\n\n<p class=\"wp-block-paragraph\">Do zobaczenia w nowym roku akademickim &#8211;<\/p>\n\n\n\n<p class=\"wp-block-paragraph\">Ewa Pilecka<\/p>\n","protected":false},"excerpt":{"rendered":"<p>Szanowni Pa\u0144stwo, W semestrze letnim 2023\/24 nie mam zaj\u0119\u0107 ani dy\u017cur\u00f3w ! W sprawach zwi\u0105zanych z fonetyk\u0105 (w szczeg\u00f3lno\u015bci &#8211; je\u015bli chodzi o wgl\u0105d do prac egzaminacyjnych lub kwestie zwi\u0105zane z terminem dla chorych) prosz\u0119 kontaktowa\u0107 si\u0119 z dr Agnieszk\u0105 Janion lub dr Alicj\u0105 Jaworsk\u0105-Kask\u0105. Jestem dost\u0119pna mailowo, ale prosz\u0119 nie spodziewa\u0107 si\u0119 natychmiastowej reakcji [&hellip;]<\/p>\n","protected":false},"author":6,"featured_media":0,"comment_status":"open","ping_status":"open","sticky":false,"template":"","format":"standard","meta":{"footnotes":""},"categories":[7],"tags":[],"class_list":["post-2982","post","type-post","status-publish","format-standard","hentry","category-ogloszenia-dla-studentow"],"_links":{"self":[{"href":"https:\/\/romanistyka.wn.uw.edu.pl\/index.php\/wp-json\/wp\/v2\/posts\/2982","targetHints":{"allow":["GET"]}}],"collection":[{"href":"https:\/\/romanistyka.wn.uw.edu.pl\/index.php\/wp-json\/wp\/v2\/posts"}],"about":[{"href":"https:\/\/romanistyka.wn.uw.edu.pl\/index.php\/wp-json\/wp\/v2\/types\/post"}],"author":[{"embeddable":true,"href":"https:\/\/romanistyka.wn.uw.edu.pl\/index.php\/wp-json\/wp\/v2\/users\/6"}],"replies":[{"embeddable":true,"href":"https:\/\/romanistyka.wn.uw.edu.pl\/index.php\/wp-json\/wp\/v2\/comments?post=2982"}],"version-history":[{"count":1,"href":"https:\/\/romanistyka.wn.uw.edu.pl\/index.php\/wp-json\/wp\/v2\/posts\/2982\/revisions"}],"predecessor-version":[{"id":2983,"href":"https:\/\/romanistyka.wn.uw.edu.pl\/index.php\/wp-json\/wp\/v2\/posts\/2982\/revisions\/2983"}],"wp:attachment":[{"href":"https:\/\/romanistyka.wn.uw.edu.pl\/index.php\/wp-json\/wp\/v2\/media?parent=2982"}],"wp:term":[{"taxonomy":"category","embeddable":true,"href":"https:\/\/romanistyka.wn.uw.edu.pl\/index.php\/wp-json\/wp\/v2\/categories?post=2982"},{"taxonomy":"post_tag","embeddable":true,"href":"https:\/\/romanistyka.wn.uw.edu.pl\/index.php\/wp-json\/wp\/v2\/tags?post=2982"}],"curies":[{"name":"wp","href":"https:\/\/api.w.org\/{rel}","templated":true}]}}