{"id":2914,"date":"2024-02-26T19:51:07","date_gmt":"2024-02-26T19:51:07","guid":{"rendered":"https:\/\/romanistyka.wn.uw.edu.pl\/?p=2914"},"modified":"2024-02-26T19:54:15","modified_gmt":"2024-02-26T19:54:15","slug":"zakonczenie-rekrutacji-erasmus","status":"publish","type":"post","link":"https:\/\/romanistyka.wn.uw.edu.pl\/index.php\/2024\/02\/26\/zakonczenie-rekrutacji-erasmus\/","title":{"rendered":"Zako\u0144czenie rekrutacji Erasmus+"},"content":{"rendered":"\n<p class=\"has-text-align-right wp-block-paragraph\">Warszawa, 23.02.2024<\/p>\n\n\n\n<p class=\"wp-block-paragraph\">Szanowni Pa\u0144stwo,<\/p>\n\n\n\n<p class=\"wp-block-paragraph\">Serdecznie gratuluj\u0119 wszystkim osobom zakwalifikowanym do programu Erasmus+ 2023\/2024 (wyjazd w semestrze. letnim 2024\/2025)!<br>Dostali ju\u017c Pa\u0144stwo ode mnie indywidualne powiadomienia w tej sprawie, poni\u017cej za\u0142\u0105czam jeszcze kilka informacji praktycznych dla <strong>wszystkich os\u00f3b zakwalifikowanych na wyjazd:<\/strong><\/p>\n\n\n\n<ol class=\"wp-block-list\">\n<li>a) Mog\u0105 Pa\u0144stwo zamienia\u0107 si\u0119 o\u015brodkami. Je\u017celi do takiej zamiany dojdzie, prosz\u0119 o mail od obu os\u00f3b potwierdzaj\u0105cy zamian\u0119.<br>b) Studenci spoza IR: prosz\u0119 o podanie adresu mailowego koordynatora Erasmusa w Pa\u0144stwa jednostkach; je\u017celi nie ma takiej osoby, prosz\u0119 o adres mailowy sekretariatu.<br>c) Czekam na Pa\u0144stwa decyzje <strong>do \u015brody 28 lutego 2024 do godz. 18.00. Brak odpowiedzi uznam za rezygnacj\u0119 z wyjazdu.<\/strong><\/li>\n\n\n\n<li>Je\u017celi decyduj\u0105 si\u0119 Pa\u0144stwo na wyjazd, prosz\u0119 zarejestrowa\u0107 si\u0119 w USOS.<\/li>\n\n\n\n<li>Nast\u0119pnym krokiem b\u0119dzie zatwierdzenie przeze mnie Pa\u0144stwa wyjazd\u00f3w. W Pa\u0144stwa USOSie decyzja o przyznaniu wyjazdu powinna znale\u017a\u0107 si\u0119 po migracji do dn.01 marca 2024.<\/li>\n\n\n\n<li>Po otrzymaniu decyzji o przyznaniu wyjazdu (USOS-web), ka\u017cdy z Pa\u0144stwa uzupe\u0142ni sw\u00f3j wniosek wyjazdowy (USOS-web), kt\u00f3ry sprawdz\u0119 i zatwierdz\u0119 (USOS-web). <strong>Przyjmuj\u0119 wnioski do 5 marca, godz. 12.00.<\/strong><br>Instrukcja BWZ:<br>e. Nazwisko zakwalifikowanego studenta pojawi si\u0119 w zak\u0142adce \u201ewyjazdy przyznane\u201d. Przy nazwisku studenta w rubryce \u201eetap kwalifikacji\u201d pojawia si\u0119 informacja &#8222;Uzupe\u0142nienie student, koordynator\u201d. Oznacza to, \u017ce poprzez w\u0142asny profil USOSweb dany student musi uzupe\u0142ni\u0107 puste rubryki o wymagane informacje<br><br><strong>UWAGA! W zwi\u0105zku ze zmianami wprowadzonymi w programie Erasmus+ (mo\u017cliwe wielokrotne wyjazdy na jednym stopniu studi\u00f3w, itp.) koordynator nie ma mo\u017cliwo\u015bci uzupe\u0142nienia poni\u017cszych danych z w\u0142asnego profilu USOSweb. Student musi zatem sam uzupe\u0142ni\u0107 dane z w\u0142asnego profilu USOSweb.<\/strong><\/li>\n<\/ol>\n\n\n\n<p class=\"wp-block-paragraph\">a. Student w zak\u0142adce \u201ewymiana studencka \/ wyjazdy \/ uzupe\u0142nij\u201d wpisuje wszystkie brakuj\u0105ce dane. Musi odpowiedzie\u0107 na pytanie, czy uczestniczy\u0142 ju\u017c w programach, Erasmus+, oraz Erasmus Mundus. Je\u015bli tak, musi wykaza\u0107 wszystkie wcze\u015bniejsze wyjazdy (na studia i praktyk\u0119). Je\u015bli student wyje\u017cd\u017ca\u0142 z UW, pojawia si\u0119 tabela wyjazd\u00f3w, kt\u00f3re powinien skopiowa\u0107 do o\u015bwiadczenia. Student powinien te\u017c dopisa\u0107 inne wyjazdy, kt\u00f3re odby\u0142y si\u0119 w ramach program\u00f3w Erasmus+, Erasmus Mundus i nie zosta\u0142y wykazane w tabeli (wyjazdy, kt\u00f3re zosta\u0142y zrealizowane przed wprowadzeniem systemu informatycznego USOS \u2013 modu\u0142 BWZ, wyjazdy z innej uczelni itp.). Student musi te\u017c o\u015bwiadczy\u0107, na jakim poziomie zna j\u0119zyk, w kt\u00f3rym b\u0119dzie studiowa\u0142. W tym celu musi wskaza\u0107 \u201ej\u0119zyk wiod\u0105cy wyjazdu\u201d. W rubryce tej wpisane s\u0105 wszystkie j\u0119zyki i ich poziomy wynikaj\u0105ce z umowy mi\u0119dzyinstytucjonalnej. W rubryce \u201ePoziom j\u0119zyka\u201d student wskazuje poziom j\u0119zyka, kt\u00f3ry zna na etapie kwalifikacji. Nast\u0119pnie student wyra\u017ca zgod\u0119 na zaproponowany wyjazd i jego warunki, wybieraj\u0105c przycisk \u201ezapisz\u201d.<\/p>\n\n\n\n<p class=\"wp-block-paragraph\"><strong>UWAGA! Na etapie kwalifikacji student mo\u017ce zna\u0107 j\u0119zyk na poziomie ni\u017cszym, ni\u017c wskazuje umowa mi\u0119dzyinstytucjonalna. Jednak przed wyjazdem do uczelni zagranicznej student musi osi\u0105gn\u0105\u0107 poziom znajomo\u015bci j\u0119zyka zgodny z warunkami wskazanymi w umowie mi\u0119dzyinstytucjonalnej. Je\u017celi student nie b\u0119dzie zna\u0142 w\u0142a\u015bciwego j\u0119zyka na w\u0142a\u015bciwym poziomie, uczelnia zagraniczna mo\u017ce nie przyj\u0105\u0107 go\/j\u0105 na studia.<\/strong><\/p>\n\n\n\n<ol class=\"wp-block-list\" start=\"6\">\n<li>Po ostatecznym zatwierdzeniu wyjazdu przez koordynatora, prosz\u0119 wydrukowa\u0107 definitywn\u0105 wersj\u0119 formularza kwalifikacyjnego. Aby to uczyni\u0107, wystarczy przej\u015b\u0107 do podgl\u0105du zako\u0144czonego wyjazdu (opcja Podgl\u0105d przy wyje\u017adzie), a nast\u0119pnie skorzysta\u0107 z opcji Wydrukuj formularz. Formularz ten powinien zosta\u0107 podpisany przez studenta, koordynatora i dziekana (kierownika jednostki). Wydruk ten jest dost\u0119pny ze strony podgl\u0105du wyjazdu. Podpisany formularz prosz\u0119 wrzuci\u0107 do mojej skrzynki do <strong>wtorku 12 marca, godz. 11.15.<\/strong><\/li>\n<\/ol>\n\n\n\n<p class=\"wp-block-paragraph\">W razie w\u0105tpliwo\u015bci prosz\u0119 o kontakt mailowy (a.ciostek@uw.edu.pl).<br>\u0141\u0105cz\u0119 pozdrowienia<br>Anna Ciostek<\/p>\n","protected":false},"excerpt":{"rendered":"<p>Warszawa, 23.02.2024 Szanowni Pa\u0144stwo, Serdecznie gratuluj\u0119 wszystkim osobom zakwalifikowanym do programu Erasmus+ 2023\/2024 (wyjazd w semestrze. letnim 2024\/2025)!Dostali ju\u017c Pa\u0144stwo ode mnie indywidualne powiadomienia w tej sprawie, poni\u017cej za\u0142\u0105czam jeszcze kilka informacji praktycznych dla wszystkich os\u00f3b zakwalifikowanych na wyjazd: a. Student w zak\u0142adce \u201ewymiana studencka \/ wyjazdy \/ uzupe\u0142nij\u201d wpisuje wszystkie brakuj\u0105ce dane. Musi odpowiedzie\u0107 [&hellip;]<\/p>\n","protected":false},"author":3,"featured_media":0,"comment_status":"open","ping_status":"open","sticky":false,"template":"","format":"standard","meta":{"footnotes":""},"categories":[7],"tags":[],"class_list":["post-2914","post","type-post","status-publish","format-standard","hentry","category-ogloszenia-dla-studentow"],"_links":{"self":[{"href":"https:\/\/romanistyka.wn.uw.edu.pl\/index.php\/wp-json\/wp\/v2\/posts\/2914","targetHints":{"allow":["GET"]}}],"collection":[{"href":"https:\/\/romanistyka.wn.uw.edu.pl\/index.php\/wp-json\/wp\/v2\/posts"}],"about":[{"href":"https:\/\/romanistyka.wn.uw.edu.pl\/index.php\/wp-json\/wp\/v2\/types\/post"}],"author":[{"embeddable":true,"href":"https:\/\/romanistyka.wn.uw.edu.pl\/index.php\/wp-json\/wp\/v2\/users\/3"}],"replies":[{"embeddable":true,"href":"https:\/\/romanistyka.wn.uw.edu.pl\/index.php\/wp-json\/wp\/v2\/comments?post=2914"}],"version-history":[{"count":2,"href":"https:\/\/romanistyka.wn.uw.edu.pl\/index.php\/wp-json\/wp\/v2\/posts\/2914\/revisions"}],"predecessor-version":[{"id":2921,"href":"https:\/\/romanistyka.wn.uw.edu.pl\/index.php\/wp-json\/wp\/v2\/posts\/2914\/revisions\/2921"}],"wp:attachment":[{"href":"https:\/\/romanistyka.wn.uw.edu.pl\/index.php\/wp-json\/wp\/v2\/media?parent=2914"}],"wp:term":[{"taxonomy":"category","embeddable":true,"href":"https:\/\/romanistyka.wn.uw.edu.pl\/index.php\/wp-json\/wp\/v2\/categories?post=2914"},{"taxonomy":"post_tag","embeddable":true,"href":"https:\/\/romanistyka.wn.uw.edu.pl\/index.php\/wp-json\/wp\/v2\/tags?post=2914"}],"curies":[{"name":"wp","href":"https:\/\/api.w.org\/{rel}","templated":true}]}}