{"id":2893,"date":"2024-02-19T11:33:45","date_gmt":"2024-02-19T11:33:45","guid":{"rendered":"https:\/\/romanistyka.wn.uw.edu.pl\/?p=2893"},"modified":"2024-02-19T11:34:34","modified_gmt":"2024-02-19T11:34:34","slug":"uniwersytet-w-caen-francja-letnie-kursy-jezykowe-dla-studentow","status":"publish","type":"post","link":"https:\/\/romanistyka.wn.uw.edu.pl\/index.php\/2024\/02\/19\/uniwersytet-w-caen-francja-letnie-kursy-jezykowe-dla-studentow\/","title":{"rendered":"Uniwersytet w Caen, Francja \u2013 Letnie kursy j\u0119zykowe dla student\u00f3w"},"content":{"rendered":"\n<p class=\"wp-block-paragraph\">Szanowni Pa\u0144stwo, <\/p>\n\n\n\n<p class=\"wp-block-paragraph\"><\/p>\n\n\n\n<p class=\"wp-block-paragraph\">zach\u0119cam do zapoznania si\u0119 z ofert\u0105.<\/p>\n\n\n\n<p class=\"wp-block-paragraph\">Poni\u017cej informacje o stypendium na letni kurs j\u0119zyka francuskiego na Uniwersytecie Caen; 2 miejsca obejmuj\u0105 bezp\u0142atny kurs oraz bezp\u0142atne zakwaterowanie<\/p>\n\n\n\n<p class=\"wp-block-paragraph\">Zg\u0142oszenia przyjmujemy do 27 lutego 2024 do godz. 08.00<\/p>\n\n\n\n<p class=\"wp-block-paragraph\"><\/p>\n\n\n\n<h2 class=\"wp-block-heading\">Uniwersytet w Caen, Francja \u2013 Letnie kursy j\u0119zykowe dla student\u00f3w<\/h2>\n\n\n\n<p class=\"wp-block-paragraph\"><a href=\"http:\/\/bwz.uw.edu.pl\/\" target=\"_blank\" rel=\"noreferrer noopener\">bwz.uw.edu.pl<\/a>&nbsp;&gt;&nbsp;<a href=\"http:\/\/bwz.uw.edu.pl\/uniwersytet-w-caen-francja-letnie-kursy-jezykowe-dla-studentow\/\" target=\"_blank\" rel=\"noreferrer noopener\">Uniwersytet w Caen, Francja \u2013 Letnie kursy j\u0119zykowe dla student\u00f3w<\/a><\/p>\n\n\n\n<p class=\"wp-block-paragraph\"><strong>Strona internetowa uczelni:&nbsp;<\/strong><a href=\"http:\/\/www.unicaen.fr\/\" target=\"_blank\" rel=\"noreferrer noopener\"><strong>www.unicaen.fr<\/strong><\/a><\/p>\n\n\n\n<p class=\"wp-block-paragraph\"><strong>Dla kogo:&nbsp;<\/strong>studenci studi\u00f3w I stopnia i jednolitych magisterskich pocz\u0105wszy od drugiego roku studi\u00f3w, studenci studi\u00f3w II stopnia- &nbsp;z potwierdzon\u0105 znajomo\u015bci\u0105 j\u0119zyka francuskiego co najmniej na poziomie B1<\/p>\n\n\n\n<p class=\"wp-block-paragraph\"><strong>Liczba miejsc:&nbsp;<\/strong>2 stypendia na kurs j. francuskiego<\/p>\n\n\n\n<p class=\"wp-block-paragraph\">1 miejsce w terminie 10-21 czerwca 2024 r., 2 tygodnie<\/p>\n\n\n\n<p class=\"wp-block-paragraph\">1 miejsce w terminie 24 czerwca-12 lipca 2024 r., 3 tygodnie<\/p>\n\n\n\n<p class=\"wp-block-paragraph\"><strong>Warunki wymiany :&nbsp;&nbsp;<\/strong>bezp\u0142atny kurs j\u0119zykowy, bezp\u0142atne zakwaterowanie<br>Stypendium nie obejmuje koszt\u00f3w podr\u00f3\u017cy, wy\u017cywienia, uczestnictwa w programie kulturalnym.<\/p>\n\n\n\n<p class=\"wp-block-paragraph\"><strong>Tryb:&nbsp;<\/strong>zaj\u0119cia stacjonarne<\/p>\n\n\n\n<p class=\"wp-block-paragraph\"><strong>Uprawnione dziedziny\/jednostki:&nbsp;<\/strong>wszystkie jednostki UW<\/p>\n\n\n\n<p class=\"wp-block-paragraph\"><strong>Terminy i programy:<\/strong><\/p>\n\n\n\n<p class=\"wp-block-paragraph\"><strong><u>10-21 CZERWCA 2024 R., 2 TYGODNIE<\/u><\/strong><\/p>\n\n\n\n<p class=\"wp-block-paragraph\"><strong>1-wszy tydzie\u0144<\/strong>&nbsp;: intensywny kurs j. francuskiego dla wszystkich uczestnik\u00f3w 22,5 godz.<\/p>\n\n\n\n<p class=\"wp-block-paragraph\"><strong>2-gi tydzie\u0144:<\/strong>&nbsp;do wyboru jeden z trzech kurs\u00f3w tematycznych 22,5 godz. :<\/p>\n\n\n\n<ol class=\"wp-block-list\" start=\"1\">\n<li>J\u0119zyk i kultura francuska<\/li>\n\n\n\n<li>Unia Europejska<\/li>\n\n\n\n<li>Dydaktyka j\u0119zyka francuskiego jako j\u0119zyka obcego (FLE) \u2013 kurs skierowany do przysz\u0142ych nauczycieli j\u0119zyka francuskiego \u2013 uczelnia przyjmuj\u0105ca mo\u017ce wymaga\u0107 dodatkowych dokument\u00f3w celem potwierdzenia realizowania programu kszta\u0142cenia dla nauczycieli j. francuskiego lub do\u015bwiadczenia zawodowego w tym zakresie<\/li>\n<\/ol>\n\n\n\n<p class=\"wp-block-paragraph\"><strong><u>24 CZERWCA-12 LIPCA 2024 R., 3 TYGODNIE<\/u><\/strong><\/p>\n\n\n\n<p class=\"wp-block-paragraph\">Uczestnicy bior\u0105 udzia\u0142 w zaj\u0119ciach porannych i popo\u0142udniowych<\/p>\n\n\n\n<p class=\"wp-block-paragraph\"><strong>Zaj\u0119cia poranne:&nbsp;<\/strong>praktyczny kurs j. francuskiego dla wszystkich uczestnik\u00f3w 45 godz.<\/p>\n\n\n\n<p class=\"wp-block-paragraph\"><strong>Zaj\u0119cia popo\u0142udniowe:&nbsp;<\/strong>\u201eKultura i Dziedzictwo\u201d 30 godz.&nbsp; a w tym jeden z dw\u00f3ch kurs\u00f3w do wyboru:<\/p>\n\n\n\n<ol class=\"wp-block-list\" start=\"1\">\n<li>Spo\u0142ecze\u0144stwo i kultura, gastronomia<\/li>\n\n\n\n<li>Historia Normandii + Architektura Normandii + Pisarze Normandii<\/li>\n<\/ol>\n\n\n\n<p class=\"wp-block-paragraph\"><a href=\"http:\/\/bwz.uw.edu.pl\/wp-content\/uploads\/sites\/358\/2024\/02\/EdECi_Brochure-2024_FREN_web.pdf\" target=\"_blank\" rel=\"noreferrer noopener\">Szczeg\u00f3\u0142owy opis kurs\u00f3w w za\u0142\u0105czonej broszurze&nbsp;<\/a><\/p>\n\n\n\n<p class=\"wp-block-paragraph\"><strong>Wymagane dokumenty&nbsp;<\/strong>w j\u0119zyku polskim:<\/p>\n\n\n\n<ol class=\"wp-block-list\" start=\"1\">\n<li><a href=\"http:\/\/bwz.uw.edu.pl\/wp-content\/uploads\/sites\/358\/2024\/02\/pozwolenie-letni-kurs-jezykowy-01-2022.docx\" target=\"_blank\" rel=\"noreferrer noopener\">Pozwolenie na wyjazd<\/a>, podpisane przez Kierownika Jednostki Dydaktycznej ( dziekana\/prodziekana wydzia\u0142u lub kierownika w przypadku samodzielnej jednostki UW) lub koordynatora ds. mobilno\u015bci w jednostce;<\/li>\n\n\n\n<li>List motywacyjny, zawieraj\u0105cy uzasadnienie wyjazdu oraz termin i wybrane kursy;<\/li>\n\n\n\n<li>Za\u015bwiadczenie o \u015bredniej z toku studi\u00f3w (co najmniej 3,49), wystawione przez dziekanat\/ sekretariat jednostki UW;<\/li>\n\n\n\n<li>certyfikat znajomo\u015bci j. francuskiego co najmniej na poziomie B1 lub za\u015bwiadczenie od nauczyciela j. francuskiego z Uniwersytetu Warszawskiego;<\/li>\n<\/ol>\n\n\n\n<p class=\"wp-block-paragraph\"><strong>Wymagane dokumenty&nbsp;<\/strong>w j\u0119zyku francuskim:<\/p>\n\n\n\n<ol class=\"wp-block-list\" start=\"1\">\n<li>List motywacyjny, zawieraj\u0105cy uzasadnienie wyjazdu oraz termin i wybrane kursy<\/li>\n<\/ol>\n\n\n\n<p class=\"wp-block-paragraph\"><strong>Termin przesy\u0142ania zg\u0142osze\u0144 do BWZ<\/strong>:<br><strong>Wtorek 27 lutego 2024 r. do godz. 8:00 rano czasu warszawskiego (CEST)<\/strong><br>Zg\u0142oszenia niekompletne lub przes\u0142ane po terminie nie b\u0119d\u0105 rozpatrywane.<\/p>\n\n\n\n<p class=\"wp-block-paragraph\"><strong>Miejsce sk\u0142adania dokument\u00f3w:<\/strong><strong><br><\/strong>Zg\u0142oszenia mo\u017cna sk\u0142ada\u0107 wy\u0142\u0105cznie\u00a0w formie elektronicznej, przesy\u0142aj\u0105c wiadomo\u015b\u0107, zawieraj\u0105c\u0105 wszystkie wymagane dokumenty, z adresu uniwersyteckiej poczty elektronicznej na adres e-mail:\u00a0<a href=\"mailto:bwz.nabory.wymiana@uw.edu.pl\" target=\"_blank\" rel=\"noreferrer noopener\">bwz.nabory.wymiana@uw.edu.pl<\/a><\/p>\n\n\n\n<div data-wp-interactive=\"core\/file\" class=\"wp-block-file\"><object data-wp-bind--hidden=\"!state.hasPdfPreview\" hidden class=\"wp-block-file__embed\" data=\"https:\/\/romanistyka.wn.uw.edu.pl\/wp-content\/uploads\/2024\/02\/EdECi_Brochure-2024_FREN_web.pdf\" type=\"application\/pdf\" style=\"width:100%;height:600px\" aria-label=\"Osadzone z EdECi_Brochure-2024_FREN_web.\"><\/object><a id=\"wp-block-file--media-f309bd9d-2f21-49dd-af81-0dbdfefc3e9b\" href=\"https:\/\/romanistyka.wn.uw.edu.pl\/wp-content\/uploads\/2024\/02\/EdECi_Brochure-2024_FREN_web.pdf\">EdECi_Brochure-2024_FREN_web<\/a><a href=\"https:\/\/romanistyka.wn.uw.edu.pl\/wp-content\/uploads\/2024\/02\/EdECi_Brochure-2024_FREN_web.pdf\" class=\"wp-block-file__button wp-element-button\" download aria-describedby=\"wp-block-file--media-f309bd9d-2f21-49dd-af81-0dbdfefc3e9b\">Pobierz<\/a><\/div>\n\n\n\n<p class=\"wp-block-paragraph\">serdecznie<\/p>\n\n\n\n<p class=\"wp-block-paragraph\">Ma\u0142gorzata Molska <\/p>\n","protected":false},"excerpt":{"rendered":"<p>Szanowni Pa\u0144stwo, zach\u0119cam do zapoznania si\u0119 z ofert\u0105. Poni\u017cej informacje o stypendium na letni kurs j\u0119zyka francuskiego na Uniwersytecie Caen; 2 miejsca obejmuj\u0105 bezp\u0142atny kurs oraz bezp\u0142atne zakwaterowanie Zg\u0142oszenia przyjmujemy do 27 lutego 2024 do godz. 08.00 Uniwersytet w Caen, Francja \u2013 Letnie kursy j\u0119zykowe dla student\u00f3w bwz.uw.edu.pl&nbsp;&gt;&nbsp;Uniwersytet w Caen, Francja \u2013 Letnie kursy j\u0119zykowe [&hellip;]<\/p>\n","protected":false},"author":4,"featured_media":0,"comment_status":"open","ping_status":"open","sticky":false,"template":"","format":"standard","meta":{"footnotes":""},"categories":[7],"tags":[],"class_list":["post-2893","post","type-post","status-publish","format-standard","hentry","category-ogloszenia-dla-studentow"],"_links":{"self":[{"href":"https:\/\/romanistyka.wn.uw.edu.pl\/index.php\/wp-json\/wp\/v2\/posts\/2893","targetHints":{"allow":["GET"]}}],"collection":[{"href":"https:\/\/romanistyka.wn.uw.edu.pl\/index.php\/wp-json\/wp\/v2\/posts"}],"about":[{"href":"https:\/\/romanistyka.wn.uw.edu.pl\/index.php\/wp-json\/wp\/v2\/types\/post"}],"author":[{"embeddable":true,"href":"https:\/\/romanistyka.wn.uw.edu.pl\/index.php\/wp-json\/wp\/v2\/users\/4"}],"replies":[{"embeddable":true,"href":"https:\/\/romanistyka.wn.uw.edu.pl\/index.php\/wp-json\/wp\/v2\/comments?post=2893"}],"version-history":[{"count":2,"href":"https:\/\/romanistyka.wn.uw.edu.pl\/index.php\/wp-json\/wp\/v2\/posts\/2893\/revisions"}],"predecessor-version":[{"id":2896,"href":"https:\/\/romanistyka.wn.uw.edu.pl\/index.php\/wp-json\/wp\/v2\/posts\/2893\/revisions\/2896"}],"wp:attachment":[{"href":"https:\/\/romanistyka.wn.uw.edu.pl\/index.php\/wp-json\/wp\/v2\/media?parent=2893"}],"wp:term":[{"taxonomy":"category","embeddable":true,"href":"https:\/\/romanistyka.wn.uw.edu.pl\/index.php\/wp-json\/wp\/v2\/categories?post=2893"},{"taxonomy":"post_tag","embeddable":true,"href":"https:\/\/romanistyka.wn.uw.edu.pl\/index.php\/wp-json\/wp\/v2\/tags?post=2893"}],"curies":[{"name":"wp","href":"https:\/\/api.w.org\/{rel}","templated":true}]}}