{"id":2878,"date":"2024-02-16T12:00:13","date_gmt":"2024-02-16T12:00:13","guid":{"rendered":"https:\/\/romanistyka.wn.uw.edu.pl\/?p=2878"},"modified":"2024-02-16T12:01:29","modified_gmt":"2024-02-16T12:01:29","slug":"egzamin-poprawkowy-z-fonetyki-i-rok","status":"publish","type":"post","link":"https:\/\/romanistyka.wn.uw.edu.pl\/index.php\/2024\/02\/16\/egzamin-poprawkowy-z-fonetyki-i-rok\/","title":{"rendered":"Egzamin poprawkowy z fonetyki (I rok)"},"content":{"rendered":"\n<p class=\"wp-block-paragraph\">Egzamin poprawkowy z fonetyki odb\u0119dzie si\u0119 2 marca (sobota) w godzinach 12.00-15.00 w sali 1.008.<\/p>\n\n\n\n<p class=\"wp-block-paragraph\">Oceny ca\u0142o\u015bciowe s\u0105 ju\u017c wpisane do USOSa, z ocenami cz\u0105stkowymi mo\u017cna zapozna\u0107 si\u0119 ogl\u0105daj\u0105c swoj\u0105 prac\u0119 na dy\u017curze prof. Pileckiej w czwartek 22.02 w godz. 16.30-17.30, gab. 3.014. <\/p>\n","protected":false},"excerpt":{"rendered":"<p>Egzamin poprawkowy z fonetyki odb\u0119dzie si\u0119 2 marca (sobota) w godzinach 12.00-15.00 w sali 1.008. Oceny ca\u0142o\u015bciowe s\u0105 ju\u017c wpisane do USOSa, z ocenami cz\u0105stkowymi mo\u017cna zapozna\u0107 si\u0119 ogl\u0105daj\u0105c swoj\u0105 prac\u0119 na dy\u017curze prof. Pileckiej w czwartek 22.02 w godz. 16.30-17.30, gab. 3.014.<\/p>\n","protected":false},"author":6,"featured_media":0,"comment_status":"open","ping_status":"open","sticky":false,"template":"","format":"standard","meta":{"footnotes":""},"categories":[7],"tags":[],"class_list":["post-2878","post","type-post","status-publish","format-standard","hentry","category-ogloszenia-dla-studentow"],"_links":{"self":[{"href":"https:\/\/romanistyka.wn.uw.edu.pl\/index.php\/wp-json\/wp\/v2\/posts\/2878","targetHints":{"allow":["GET"]}}],"collection":[{"href":"https:\/\/romanistyka.wn.uw.edu.pl\/index.php\/wp-json\/wp\/v2\/posts"}],"about":[{"href":"https:\/\/romanistyka.wn.uw.edu.pl\/index.php\/wp-json\/wp\/v2\/types\/post"}],"author":[{"embeddable":true,"href":"https:\/\/romanistyka.wn.uw.edu.pl\/index.php\/wp-json\/wp\/v2\/users\/6"}],"replies":[{"embeddable":true,"href":"https:\/\/romanistyka.wn.uw.edu.pl\/index.php\/wp-json\/wp\/v2\/comments?post=2878"}],"version-history":[{"count":3,"href":"https:\/\/romanistyka.wn.uw.edu.pl\/index.php\/wp-json\/wp\/v2\/posts\/2878\/revisions"}],"predecessor-version":[{"id":2881,"href":"https:\/\/romanistyka.wn.uw.edu.pl\/index.php\/wp-json\/wp\/v2\/posts\/2878\/revisions\/2881"}],"wp:attachment":[{"href":"https:\/\/romanistyka.wn.uw.edu.pl\/index.php\/wp-json\/wp\/v2\/media?parent=2878"}],"wp:term":[{"taxonomy":"category","embeddable":true,"href":"https:\/\/romanistyka.wn.uw.edu.pl\/index.php\/wp-json\/wp\/v2\/categories?post=2878"},{"taxonomy":"post_tag","embeddable":true,"href":"https:\/\/romanistyka.wn.uw.edu.pl\/index.php\/wp-json\/wp\/v2\/tags?post=2878"}],"curies":[{"name":"wp","href":"https:\/\/api.w.org\/{rel}","templated":true}]}}