{"id":2870,"date":"2024-02-14T10:46:24","date_gmt":"2024-02-14T10:46:24","guid":{"rendered":"https:\/\/romanistyka.wn.uw.edu.pl\/?p=2870"},"modified":"2024-02-14T10:46:27","modified_gmt":"2024-02-14T10:46:27","slug":"dodatkowy-termin-podpiec-dla-przedmiotow-realizowanych-w-semestrze-letnim-2023l","status":"publish","type":"post","link":"https:\/\/romanistyka.wn.uw.edu.pl\/index.php\/2024\/02\/14\/dodatkowy-termin-podpiec-dla-przedmiotow-realizowanych-w-semestrze-letnim-2023l\/","title":{"rendered":"Dodatkowy termin podpi\u0119\u0107 dla przedmiot\u00f3w realizowanych w semestrze letnim 2023L"},"content":{"rendered":"\n<p class=\"wp-block-paragraph\">Uprzejmie informujemy, i\u017c decyzj\u0105 Prorektor ds. student\u00f3w i jako\u015bci kszta\u0142cenia, dr hab. S\u0142awomira \u017b\u00f3\u0142tka, prof. ucz. w terminie od 15 lutego do 11 marca 2024 r. b\u0119dzie mo\u017cliwo\u015b\u0107 podpinania przez student\u00f3w w USOSweb przedmiot\u00f3w realizowanych w semestrze letnim roku akademickiego 2023\/2024. Dotyczy\u0107 to b\u0119dzie wszystkich przedmiot\u00f3w, kt\u00f3rych nie obj\u0105\u0142 mechanizm wymuszania podpi\u0119\u0107 podczas rejestracji na te przedmioty, w tym m.in. lektorat\u00f3w w sytuacji, gdy student kontynuuje zaj\u0119cia j\u0119zykowe rozpocz\u0119te w semestrze zimowym.<\/p>\n","protected":false},"excerpt":{"rendered":"<p>Uprzejmie informujemy, i\u017c decyzj\u0105 Prorektor ds. student\u00f3w i jako\u015bci kszta\u0142cenia, dr hab. S\u0142awomira \u017b\u00f3\u0142tka, prof. ucz. w terminie od 15 lutego do 11 marca 2024 r. b\u0119dzie mo\u017cliwo\u015b\u0107 podpinania przez student\u00f3w w USOSweb przedmiot\u00f3w realizowanych w semestrze letnim roku akademickiego 2023\/2024. Dotyczy\u0107 to b\u0119dzie wszystkich przedmiot\u00f3w, kt\u00f3rych nie obj\u0105\u0142 mechanizm wymuszania podpi\u0119\u0107 podczas rejestracji na [&hellip;]<\/p>\n","protected":false},"author":3,"featured_media":0,"comment_status":"open","ping_status":"open","sticky":false,"template":"","format":"standard","meta":{"footnotes":""},"categories":[7],"tags":[],"class_list":["post-2870","post","type-post","status-publish","format-standard","hentry","category-ogloszenia-dla-studentow"],"_links":{"self":[{"href":"https:\/\/romanistyka.wn.uw.edu.pl\/index.php\/wp-json\/wp\/v2\/posts\/2870","targetHints":{"allow":["GET"]}}],"collection":[{"href":"https:\/\/romanistyka.wn.uw.edu.pl\/index.php\/wp-json\/wp\/v2\/posts"}],"about":[{"href":"https:\/\/romanistyka.wn.uw.edu.pl\/index.php\/wp-json\/wp\/v2\/types\/post"}],"author":[{"embeddable":true,"href":"https:\/\/romanistyka.wn.uw.edu.pl\/index.php\/wp-json\/wp\/v2\/users\/3"}],"replies":[{"embeddable":true,"href":"https:\/\/romanistyka.wn.uw.edu.pl\/index.php\/wp-json\/wp\/v2\/comments?post=2870"}],"version-history":[{"count":1,"href":"https:\/\/romanistyka.wn.uw.edu.pl\/index.php\/wp-json\/wp\/v2\/posts\/2870\/revisions"}],"predecessor-version":[{"id":2871,"href":"https:\/\/romanistyka.wn.uw.edu.pl\/index.php\/wp-json\/wp\/v2\/posts\/2870\/revisions\/2871"}],"wp:attachment":[{"href":"https:\/\/romanistyka.wn.uw.edu.pl\/index.php\/wp-json\/wp\/v2\/media?parent=2870"}],"wp:term":[{"taxonomy":"category","embeddable":true,"href":"https:\/\/romanistyka.wn.uw.edu.pl\/index.php\/wp-json\/wp\/v2\/categories?post=2870"},{"taxonomy":"post_tag","embeddable":true,"href":"https:\/\/romanistyka.wn.uw.edu.pl\/index.php\/wp-json\/wp\/v2\/tags?post=2870"}],"curies":[{"name":"wp","href":"https:\/\/api.w.org\/{rel}","templated":true}]}}