{"id":2796,"date":"2024-01-19T07:43:33","date_gmt":"2024-01-19T07:43:33","guid":{"rendered":"https:\/\/romanistyka.wn.uw.edu.pl\/?p=2796"},"modified":"2024-01-19T07:43:36","modified_gmt":"2024-01-19T07:43:36","slug":"wsparcie-dla-osob-studiujacych-w-spektrum-autyzmu","status":"publish","type":"post","link":"https:\/\/romanistyka.wn.uw.edu.pl\/index.php\/2024\/01\/19\/wsparcie-dla-osob-studiujacych-w-spektrum-autyzmu\/","title":{"rendered":"Wsparcie dla os\u00f3b studiuj\u0105cych w spektrum autyzmu"},"content":{"rendered":"\n<p class=\"wp-block-paragraph\">Szanowni Pa\u0144stwo, <\/p>\n\n\n\n<p class=\"wp-block-paragraph\"><\/p>\n\n\n\n<p class=\"wp-block-paragraph\">Od stycznia 2024 r. na Wydziale Neofilologii UW osoby w spektrum autyzmu mog\u0105 skorzysta\u0107 z dodatkowego wsparcia tutorki. W roku akademickim 2023\/2024 funkcj\u0119 t\u0119 pe\u0142ni Ida Dunowska. Wsparcie obejmuje obszary zwi\u0105zane z organizacj\u0105 studi\u00f3w i kwestiami formalnymi (np. pomoc w rejestracji na zaj\u0119cia, sk\u0142adanie wniosk\u00f3w przez usos itp.). Tutorka nie \u015bwiadczy wsparcia psychologicznego, ani merytorycznego.<br>Kontakt z tutork\u0105 mo\u017cna nawi\u0105za\u0107 mailowo (<a href=\"mailto:i.dunowska@uw.edu.pl\" target=\"_blank\" rel=\"noreferrer noopener\">i.dunowska@uw.edu.pl<\/a>). Mo\u017cliwe jest spotkanie stacjonarne lub online po wcze\u015bniejszym um\u00f3wieniu drog\u0105 mailow\u0105. Dy\u017cur odbywa\u0107 si\u0119 b\u0119dzie w poniedzia\u0142ki w godzinach 15:00-16:00 w pokoju 1.011 w budynku Wydzia\u0142u Neofilologii UW.<\/p>\n\n\n\n<p class=\"wp-block-paragraph\"><\/p>\n\n\n\n<p class=\"wp-block-paragraph\">serdecznie<\/p>\n\n\n\n<p class=\"wp-block-paragraph\">Ma\u0142gorzata Molska <\/p>\n","protected":false},"excerpt":{"rendered":"<p>Szanowni Pa\u0144stwo, Od stycznia 2024 r. na Wydziale Neofilologii UW osoby w spektrum autyzmu mog\u0105 skorzysta\u0107 z dodatkowego wsparcia tutorki. W roku akademickim 2023\/2024 funkcj\u0119 t\u0119 pe\u0142ni Ida Dunowska. Wsparcie obejmuje obszary zwi\u0105zane z organizacj\u0105 studi\u00f3w i kwestiami formalnymi (np. pomoc w rejestracji na zaj\u0119cia, sk\u0142adanie wniosk\u00f3w przez usos itp.). Tutorka nie \u015bwiadczy wsparcia psychologicznego, [&hellip;]<\/p>\n","protected":false},"author":4,"featured_media":0,"comment_status":"open","ping_status":"open","sticky":false,"template":"","format":"standard","meta":{"footnotes":""},"categories":[7],"tags":[],"class_list":["post-2796","post","type-post","status-publish","format-standard","hentry","category-ogloszenia-dla-studentow"],"_links":{"self":[{"href":"https:\/\/romanistyka.wn.uw.edu.pl\/index.php\/wp-json\/wp\/v2\/posts\/2796","targetHints":{"allow":["GET"]}}],"collection":[{"href":"https:\/\/romanistyka.wn.uw.edu.pl\/index.php\/wp-json\/wp\/v2\/posts"}],"about":[{"href":"https:\/\/romanistyka.wn.uw.edu.pl\/index.php\/wp-json\/wp\/v2\/types\/post"}],"author":[{"embeddable":true,"href":"https:\/\/romanistyka.wn.uw.edu.pl\/index.php\/wp-json\/wp\/v2\/users\/4"}],"replies":[{"embeddable":true,"href":"https:\/\/romanistyka.wn.uw.edu.pl\/index.php\/wp-json\/wp\/v2\/comments?post=2796"}],"version-history":[{"count":1,"href":"https:\/\/romanistyka.wn.uw.edu.pl\/index.php\/wp-json\/wp\/v2\/posts\/2796\/revisions"}],"predecessor-version":[{"id":2797,"href":"https:\/\/romanistyka.wn.uw.edu.pl\/index.php\/wp-json\/wp\/v2\/posts\/2796\/revisions\/2797"}],"wp:attachment":[{"href":"https:\/\/romanistyka.wn.uw.edu.pl\/index.php\/wp-json\/wp\/v2\/media?parent=2796"}],"wp:term":[{"taxonomy":"category","embeddable":true,"href":"https:\/\/romanistyka.wn.uw.edu.pl\/index.php\/wp-json\/wp\/v2\/categories?post=2796"},{"taxonomy":"post_tag","embeddable":true,"href":"https:\/\/romanistyka.wn.uw.edu.pl\/index.php\/wp-json\/wp\/v2\/tags?post=2796"}],"curies":[{"name":"wp","href":"https:\/\/api.w.org\/{rel}","templated":true}]}}