{"id":2772,"date":"2023-12-27T18:46:07","date_gmt":"2023-12-27T18:46:07","guid":{"rendered":"https:\/\/romanistyka.wn.uw.edu.pl\/?p=2772"},"modified":"2023-12-27T18:46:11","modified_gmt":"2023-12-27T18:46:11","slug":"harmonogram-sesji-zimowej-w-r-a-2023-2024","status":"publish","type":"post","link":"https:\/\/romanistyka.wn.uw.edu.pl\/index.php\/2023\/12\/27\/harmonogram-sesji-zimowej-w-r-a-2023-2024\/","title":{"rendered":"Harmonogram sesji zimowej w r.a. 2023\/2024"},"content":{"rendered":"\n<p class=\"wp-block-paragraph\">Szanowni Pa\u0144stwo, <\/p>\n\n\n\n<p class=\"wp-block-paragraph\">W zwi\u0105zku z interwencj\u0105 Pana <strong>Mateusza Staniaka<\/strong>, Przewodnicz\u0105cego Komisji Prawnej Zarz\u0105du Samorz\u0105du Student\u00f3w Uniwersytetu Warszawskiego, nasz harmonogram sesji zimowej w r.a. 2023\/2024 zosta\u0142 usuni\u0119ty ze strony internetowej Instytutu.<\/p>\n\n\n\n<p class=\"wp-block-paragraph\">Zosta\u0142 on opublikowany 20 grudnia 2023r, &#8222;bez wcze\u015bniejszego zaopiniowania tego projektu przez Rad\u0119&#8221; Samorz\u0105du Student\u00f3w Wydzia\u0142u Neofilologii.<\/p>\n\n\n\n<p class=\"wp-block-paragraph\">W zwi\u0105zku z powy\u017cszym pozostaje nam czeka\u0107 na Uchwa\u0142\u0119 RSS, w\u00f3wczas harmonogram zostanie przywr\u00f3cony na stron\u0119.<\/p>\n\n\n\n<p class=\"wp-block-paragraph\">Serdecznie<\/p>\n\n\n\n<p class=\"wp-block-paragraph\">Ma\u0142gorzata Molska<\/p>\n","protected":false},"excerpt":{"rendered":"<p>Szanowni Pa\u0144stwo, W zwi\u0105zku z interwencj\u0105 Pana Mateusza Staniaka, Przewodnicz\u0105cego Komisji Prawnej Zarz\u0105du Samorz\u0105du Student\u00f3w Uniwersytetu Warszawskiego, nasz harmonogram sesji zimowej w r.a. 2023\/2024 zosta\u0142 usuni\u0119ty ze strony internetowej Instytutu. Zosta\u0142 on opublikowany 20 grudnia 2023r, &#8222;bez wcze\u015bniejszego zaopiniowania tego projektu przez Rad\u0119&#8221; Samorz\u0105du Student\u00f3w Wydzia\u0142u Neofilologii. W zwi\u0105zku z powy\u017cszym pozostaje nam czeka\u0107 na [&hellip;]<\/p>\n","protected":false},"author":4,"featured_media":0,"comment_status":"open","ping_status":"open","sticky":false,"template":"","format":"standard","meta":{"footnotes":""},"categories":[7],"tags":[],"class_list":["post-2772","post","type-post","status-publish","format-standard","hentry","category-ogloszenia-dla-studentow"],"_links":{"self":[{"href":"https:\/\/romanistyka.wn.uw.edu.pl\/index.php\/wp-json\/wp\/v2\/posts\/2772","targetHints":{"allow":["GET"]}}],"collection":[{"href":"https:\/\/romanistyka.wn.uw.edu.pl\/index.php\/wp-json\/wp\/v2\/posts"}],"about":[{"href":"https:\/\/romanistyka.wn.uw.edu.pl\/index.php\/wp-json\/wp\/v2\/types\/post"}],"author":[{"embeddable":true,"href":"https:\/\/romanistyka.wn.uw.edu.pl\/index.php\/wp-json\/wp\/v2\/users\/4"}],"replies":[{"embeddable":true,"href":"https:\/\/romanistyka.wn.uw.edu.pl\/index.php\/wp-json\/wp\/v2\/comments?post=2772"}],"version-history":[{"count":1,"href":"https:\/\/romanistyka.wn.uw.edu.pl\/index.php\/wp-json\/wp\/v2\/posts\/2772\/revisions"}],"predecessor-version":[{"id":2773,"href":"https:\/\/romanistyka.wn.uw.edu.pl\/index.php\/wp-json\/wp\/v2\/posts\/2772\/revisions\/2773"}],"wp:attachment":[{"href":"https:\/\/romanistyka.wn.uw.edu.pl\/index.php\/wp-json\/wp\/v2\/media?parent=2772"}],"wp:term":[{"taxonomy":"category","embeddable":true,"href":"https:\/\/romanistyka.wn.uw.edu.pl\/index.php\/wp-json\/wp\/v2\/categories?post=2772"},{"taxonomy":"post_tag","embeddable":true,"href":"https:\/\/romanistyka.wn.uw.edu.pl\/index.php\/wp-json\/wp\/v2\/tags?post=2772"}],"curies":[{"name":"wp","href":"https:\/\/api.w.org\/{rel}","templated":true}]}}