{"id":2741,"date":"2023-12-14T16:19:45","date_gmt":"2023-12-14T16:19:45","guid":{"rendered":"https:\/\/romanistyka.wn.uw.edu.pl\/?p=2741"},"modified":"2023-12-14T16:19:55","modified_gmt":"2023-12-14T16:19:55","slug":"dr-alicja-jaworska-kaska-odwoluje-dyzur-w-dn-15-12","status":"publish","type":"post","link":"https:\/\/romanistyka.wn.uw.edu.pl\/index.php\/2023\/12\/14\/dr-alicja-jaworska-kaska-odwoluje-dyzur-w-dn-15-12\/","title":{"rendered":"Dr Alicja Jaworska-Kaska odwo\u0142uje dy\u017cur w dn. 15.12."},"content":{"rendered":"\n<p class=\"wp-block-paragraph\">Szanowni Pa\u0144stwo,<\/p>\n\n\n\n<p class=\"wp-block-paragraph\">W pi\u0105tek 15.12. nie b\u0119dzie mojego dy\u017curu (zaj\u0119cia o godz. 13.15 odb\u0119d\u0105 si\u0119 normalnie).<\/p>\n\n\n\n<p class=\"wp-block-paragraph\">Zamiast tego b\u0119d\u0119 dost\u0119pna w czwartek 21.12. w godz. 11.15-12.15.<\/p>\n\n\n\n<p class=\"wp-block-paragraph\">Pozdrawiam serdecznie,<\/p>\n\n\n\n<p class=\"wp-block-paragraph\">Alicja Jaworska-Kaska<\/p>\n","protected":false},"excerpt":{"rendered":"<p>Szanowni Pa\u0144stwo, W pi\u0105tek 15.12. nie b\u0119dzie mojego dy\u017curu (zaj\u0119cia o godz. 13.15 odb\u0119d\u0105 si\u0119 normalnie). Zamiast tego b\u0119d\u0119 dost\u0119pna w czwartek 21.12. w godz. 11.15-12.15. Pozdrawiam serdecznie, Alicja Jaworska-Kaska<\/p>\n","protected":false},"author":6,"featured_media":0,"comment_status":"open","ping_status":"open","sticky":false,"template":"","format":"standard","meta":{"footnotes":""},"categories":[7],"tags":[],"class_list":["post-2741","post","type-post","status-publish","format-standard","hentry","category-ogloszenia-dla-studentow"],"_links":{"self":[{"href":"https:\/\/romanistyka.wn.uw.edu.pl\/index.php\/wp-json\/wp\/v2\/posts\/2741","targetHints":{"allow":["GET"]}}],"collection":[{"href":"https:\/\/romanistyka.wn.uw.edu.pl\/index.php\/wp-json\/wp\/v2\/posts"}],"about":[{"href":"https:\/\/romanistyka.wn.uw.edu.pl\/index.php\/wp-json\/wp\/v2\/types\/post"}],"author":[{"embeddable":true,"href":"https:\/\/romanistyka.wn.uw.edu.pl\/index.php\/wp-json\/wp\/v2\/users\/6"}],"replies":[{"embeddable":true,"href":"https:\/\/romanistyka.wn.uw.edu.pl\/index.php\/wp-json\/wp\/v2\/comments?post=2741"}],"version-history":[{"count":1,"href":"https:\/\/romanistyka.wn.uw.edu.pl\/index.php\/wp-json\/wp\/v2\/posts\/2741\/revisions"}],"predecessor-version":[{"id":2742,"href":"https:\/\/romanistyka.wn.uw.edu.pl\/index.php\/wp-json\/wp\/v2\/posts\/2741\/revisions\/2742"}],"wp:attachment":[{"href":"https:\/\/romanistyka.wn.uw.edu.pl\/index.php\/wp-json\/wp\/v2\/media?parent=2741"}],"wp:term":[{"taxonomy":"category","embeddable":true,"href":"https:\/\/romanistyka.wn.uw.edu.pl\/index.php\/wp-json\/wp\/v2\/categories?post=2741"},{"taxonomy":"post_tag","embeddable":true,"href":"https:\/\/romanistyka.wn.uw.edu.pl\/index.php\/wp-json\/wp\/v2\/tags?post=2741"}],"curies":[{"name":"wp","href":"https:\/\/api.w.org\/{rel}","templated":true}]}}