{"id":2736,"date":"2023-12-13T12:50:18","date_gmt":"2023-12-13T12:50:18","guid":{"rendered":"https:\/\/romanistyka.wn.uw.edu.pl\/?p=2736"},"modified":"2023-12-13T12:50:23","modified_gmt":"2023-12-13T12:50:23","slug":"prof-pilecka-odwoluje-zajecia-i-dyzur-14-12-i-15-12","status":"publish","type":"post","link":"https:\/\/romanistyka.wn.uw.edu.pl\/index.php\/2023\/12\/13\/prof-pilecka-odwoluje-zajecia-i-dyzur-14-12-i-15-12\/","title":{"rendered":"Prof. Pilecka odwo\u0142uje zaj\u0119cia i dy\u017cur 14.12 i 15.12"},"content":{"rendered":"\n<p class=\"wp-block-paragraph\">Szanowni Pa\u0144stwo, z powodu choroby odwo\u0142uj\u0119 zaj\u0119cia i dy\u017cur w dniach 14 i 15 grudnia. Na Kampusie wkr\u00f3tce umieszcz\u0119 materia\u0142y do samodzielnej pracy, kt\u00f3re zast\u0105pi\u0105 wyk\u0142ad\/\u0107wiczenia\/konwersatorium.<\/p>\n","protected":false},"excerpt":{"rendered":"<p>Szanowni Pa\u0144stwo, z powodu choroby odwo\u0142uj\u0119 zaj\u0119cia i dy\u017cur w dniach 14 i 15 grudnia. Na Kampusie wkr\u00f3tce umieszcz\u0119 materia\u0142y do samodzielnej pracy, kt\u00f3re zast\u0105pi\u0105 wyk\u0142ad\/\u0107wiczenia\/konwersatorium.<\/p>\n","protected":false},"author":6,"featured_media":0,"comment_status":"open","ping_status":"open","sticky":false,"template":"","format":"standard","meta":{"footnotes":""},"categories":[7],"tags":[],"class_list":["post-2736","post","type-post","status-publish","format-standard","hentry","category-ogloszenia-dla-studentow"],"_links":{"self":[{"href":"https:\/\/romanistyka.wn.uw.edu.pl\/index.php\/wp-json\/wp\/v2\/posts\/2736","targetHints":{"allow":["GET"]}}],"collection":[{"href":"https:\/\/romanistyka.wn.uw.edu.pl\/index.php\/wp-json\/wp\/v2\/posts"}],"about":[{"href":"https:\/\/romanistyka.wn.uw.edu.pl\/index.php\/wp-json\/wp\/v2\/types\/post"}],"author":[{"embeddable":true,"href":"https:\/\/romanistyka.wn.uw.edu.pl\/index.php\/wp-json\/wp\/v2\/users\/6"}],"replies":[{"embeddable":true,"href":"https:\/\/romanistyka.wn.uw.edu.pl\/index.php\/wp-json\/wp\/v2\/comments?post=2736"}],"version-history":[{"count":1,"href":"https:\/\/romanistyka.wn.uw.edu.pl\/index.php\/wp-json\/wp\/v2\/posts\/2736\/revisions"}],"predecessor-version":[{"id":2739,"href":"https:\/\/romanistyka.wn.uw.edu.pl\/index.php\/wp-json\/wp\/v2\/posts\/2736\/revisions\/2739"}],"wp:attachment":[{"href":"https:\/\/romanistyka.wn.uw.edu.pl\/index.php\/wp-json\/wp\/v2\/media?parent=2736"}],"wp:term":[{"taxonomy":"category","embeddable":true,"href":"https:\/\/romanistyka.wn.uw.edu.pl\/index.php\/wp-json\/wp\/v2\/categories?post=2736"},{"taxonomy":"post_tag","embeddable":true,"href":"https:\/\/romanistyka.wn.uw.edu.pl\/index.php\/wp-json\/wp\/v2\/tags?post=2736"}],"curies":[{"name":"wp","href":"https:\/\/api.w.org\/{rel}","templated":true}]}}