{"id":2721,"date":"2023-12-11T14:40:45","date_gmt":"2023-12-11T14:40:45","guid":{"rendered":"https:\/\/romanistyka.wn.uw.edu.pl\/?p=2721"},"modified":"2023-12-11T14:41:39","modified_gmt":"2023-12-11T14:41:39","slug":"debata-czlowiek-a-tworca-w-instytucie-romanistyki","status":"publish","type":"post","link":"https:\/\/romanistyka.wn.uw.edu.pl\/index.php\/2023\/12\/11\/debata-czlowiek-a-tworca-w-instytucie-romanistyki\/","title":{"rendered":"Debata &#8222;Cz\u0142owiek a tw\u00f3rca&#8221; w Instytucie Romanistyki- 12.12 godz. 18h30"},"content":{"rendered":"\n<p class=\"wp-block-paragraph\">Szanowni Pa\u0144stwo, <\/p>\n\n\n\n<p class=\"wp-block-paragraph\"><\/p>\n\n\n\n<p class=\"wp-block-paragraph\">Instytut Romanistyki i Ko\u0142o Kultury Frankofo\u0144skiej zapraszaj\u0105 na debat\u0119 po\u015bwi\u0119con\u0105 tw\u00f3rcom \u201ekontrowersyjnym\u201d (casus Pola\u0144skiego, Allena, Bessona\u2026), granicy mi\u0119dzy moralno\u015bci\u0105 a szeroko poj\u0119t\u0105 sztuk\u0105 i miejscu tych tw\u00f3rc\u00f3w we wsp\u00f3\u0142czesnej kulturze. W debacie wezm\u0105 udzia\u0142:\u00a0dr hab. prof.ucz. Iwona Kurz (IKP UW), Krzysztof Kwiatkowski (GW\/WO) i Joanna Mytkowska (MSN). Spotkanie poprowadzi dr Jolanta Kawa (IR).\u00a0<\/p>\n\n\n\n<div class=\"wp-block-file\"><a id=\"wp-block-file--media-e863f7f0-2b47-4041-a291-05816f8583e6\" href=\"https:\/\/romanistyka.wn.uw.edu.pl\/wp-content\/uploads\/2023\/12\/95f2f531-a09e-4e3e-af47-a2b4c93d412c.jpg\">95f2f531-a09e-4e3e-af47-a2b4c93d412c<\/a><a href=\"https:\/\/romanistyka.wn.uw.edu.pl\/wp-content\/uploads\/2023\/12\/95f2f531-a09e-4e3e-af47-a2b4c93d412c.jpg\" class=\"wp-block-file__button wp-element-button\" download aria-describedby=\"wp-block-file--media-e863f7f0-2b47-4041-a291-05816f8583e6\">Pobierz<\/a><\/div>\n\n\n\n<p class=\"wp-block-paragraph\">Zapraszamy!<\/p>\n\n\n\n<p class=\"wp-block-paragraph\"><\/p>\n\n\n\n<p class=\"wp-block-paragraph\"><\/p>\n","protected":false},"excerpt":{"rendered":"<p>Szanowni Pa\u0144stwo, Instytut Romanistyki i Ko\u0142o Kultury Frankofo\u0144skiej zapraszaj\u0105 na debat\u0119 po\u015bwi\u0119con\u0105 tw\u00f3rcom \u201ekontrowersyjnym\u201d (casus Pola\u0144skiego, Allena, Bessona\u2026), granicy mi\u0119dzy moralno\u015bci\u0105 a szeroko poj\u0119t\u0105 sztuk\u0105 i miejscu tych tw\u00f3rc\u00f3w we wsp\u00f3\u0142czesnej kulturze. W debacie wezm\u0105 udzia\u0142:\u00a0dr hab. prof.ucz. Iwona Kurz (IKP UW), Krzysztof Kwiatkowski (GW\/WO) i Joanna Mytkowska (MSN). Spotkanie poprowadzi dr Jolanta Kawa (IR).\u00a0 [&hellip;]<\/p>\n","protected":false},"author":4,"featured_media":0,"comment_status":"open","ping_status":"open","sticky":false,"template":"","format":"standard","meta":{"footnotes":""},"categories":[7],"tags":[],"class_list":["post-2721","post","type-post","status-publish","format-standard","hentry","category-ogloszenia-dla-studentow"],"_links":{"self":[{"href":"https:\/\/romanistyka.wn.uw.edu.pl\/index.php\/wp-json\/wp\/v2\/posts\/2721","targetHints":{"allow":["GET"]}}],"collection":[{"href":"https:\/\/romanistyka.wn.uw.edu.pl\/index.php\/wp-json\/wp\/v2\/posts"}],"about":[{"href":"https:\/\/romanistyka.wn.uw.edu.pl\/index.php\/wp-json\/wp\/v2\/types\/post"}],"author":[{"embeddable":true,"href":"https:\/\/romanistyka.wn.uw.edu.pl\/index.php\/wp-json\/wp\/v2\/users\/4"}],"replies":[{"embeddable":true,"href":"https:\/\/romanistyka.wn.uw.edu.pl\/index.php\/wp-json\/wp\/v2\/comments?post=2721"}],"version-history":[{"count":2,"href":"https:\/\/romanistyka.wn.uw.edu.pl\/index.php\/wp-json\/wp\/v2\/posts\/2721\/revisions"}],"predecessor-version":[{"id":2724,"href":"https:\/\/romanistyka.wn.uw.edu.pl\/index.php\/wp-json\/wp\/v2\/posts\/2721\/revisions\/2724"}],"wp:attachment":[{"href":"https:\/\/romanistyka.wn.uw.edu.pl\/index.php\/wp-json\/wp\/v2\/media?parent=2721"}],"wp:term":[{"taxonomy":"category","embeddable":true,"href":"https:\/\/romanistyka.wn.uw.edu.pl\/index.php\/wp-json\/wp\/v2\/categories?post=2721"},{"taxonomy":"post_tag","embeddable":true,"href":"https:\/\/romanistyka.wn.uw.edu.pl\/index.php\/wp-json\/wp\/v2\/tags?post=2721"}],"curies":[{"name":"wp","href":"https:\/\/api.w.org\/{rel}","templated":true}]}}