{"id":2717,"date":"2023-12-10T22:02:15","date_gmt":"2023-12-10T22:02:15","guid":{"rendered":"https:\/\/romanistyka.wn.uw.edu.pl\/?p=2717"},"modified":"2023-12-20T14:39:15","modified_gmt":"2023-12-20T14:39:15","slug":"rejestracja-na-zajecia-w-semestrze-letnim-r-a-2023-2024","status":"publish","type":"post","link":"https:\/\/romanistyka.wn.uw.edu.pl\/index.php\/2023\/12\/10\/rejestracja-na-zajecia-w-semestrze-letnim-r-a-2023-2024\/","title":{"rendered":"Rejestracja na zaj\u0119cia w semestrze letnim r.a. 2023\/2024"},"content":{"rendered":"\n<p class=\"wp-block-paragraph\">Szanowni Pa\u0144stwo, <\/p>\n\n\n\n<p class=\"wp-block-paragraph\">14 grudnia 2023r. rusza rejestracja na zaj\u0119cia zgodnie z harmonogramem poni\u017cej :<\/p>\n\n\n\n<p class=\"wp-block-paragraph\">I grupa przedmiot\u00f3w: 14.12. 2023 (21:00) \u2013 12.01.2024 (23:59) (II tura 08.02.2024 \u2013 05.03.2024)<\/p>\n\n\n\n<p class=\"wp-block-paragraph\">Przedmioty kursowe (w tym: PNJF)<\/p>\n\n\n\n<p class=\"wp-block-paragraph\">II grupa przedmiot\u00f3w: 18.12.2023 (21.00) \u2013 12.01.2024&nbsp;(23:59) (II tura 09.02.2024 \u2013&nbsp;&nbsp;05.03.2024)<\/p>\n\n\n\n<p class=\"wp-block-paragraph\">Konwersatoria: j\u0119z., historyczno-kulturowe, literaturoznawcze&nbsp;+ \u015bcie\u017cka przek\u0142adowa&nbsp;+ profil. met.&nbsp;+ przedmiot B2+<\/p>\n\n\n\n<p class=\"wp-block-paragraph\">III grupa przedmiot\u00f3w: 19.12.2023 (21.00) \u2013 12.01.2023 (23:59) (II tura 12.02.2024 \u2013 05.03.2024)<\/p>\n\n\n\n<p class=\"wp-block-paragraph\">wyk\u0142ady monograficzne i&nbsp;&nbsp;seminaria tematyczne<\/p>\n\n\n\n<p class=\"wp-block-paragraph\"><\/p>\n\n\n\n<p class=\"wp-block-paragraph\">Prosz\u0119 sprawdzi\u0107, czy rejestracja si\u0119 Pa\u0144stwu wy\u015bwietla w USOS; je\u017celi nie, pilnie prosz\u0119 zg\u0142osi\u0107 spraw\u0119 do mnie : m.molska@uw.edu pl lub do sekretariatu : romanistyka@uw.edu.pl<\/p>\n\n\n\n<p class=\"wp-block-paragraph\">serdecznie<\/p>\n\n\n\n<p class=\"wp-block-paragraph\">Ma\u0142gorzata Molska <\/p>\n","protected":false},"excerpt":{"rendered":"<p>Szanowni Pa\u0144stwo, 14 grudnia 2023r. rusza rejestracja na zaj\u0119cia zgodnie z harmonogramem poni\u017cej : I grupa przedmiot\u00f3w: 14.12. 2023 (21:00) \u2013 12.01.2024 (23:59) (II tura 08.02.2024 \u2013 05.03.2024) Przedmioty kursowe (w tym: PNJF) II grupa przedmiot\u00f3w: 18.12.2023 (21.00) \u2013 12.01.2024&nbsp;(23:59) (II tura 09.02.2024 \u2013&nbsp;&nbsp;05.03.2024) Konwersatoria: j\u0119z., historyczno-kulturowe, literaturoznawcze&nbsp;+ \u015bcie\u017cka przek\u0142adowa&nbsp;+ profil. met.&nbsp;+ przedmiot B2+ III [&hellip;]<\/p>\n","protected":false},"author":4,"featured_media":0,"comment_status":"open","ping_status":"open","sticky":false,"template":"","format":"standard","meta":{"footnotes":""},"categories":[7],"tags":[],"class_list":["post-2717","post","type-post","status-publish","format-standard","hentry","category-ogloszenia-dla-studentow"],"_links":{"self":[{"href":"https:\/\/romanistyka.wn.uw.edu.pl\/index.php\/wp-json\/wp\/v2\/posts\/2717","targetHints":{"allow":["GET"]}}],"collection":[{"href":"https:\/\/romanistyka.wn.uw.edu.pl\/index.php\/wp-json\/wp\/v2\/posts"}],"about":[{"href":"https:\/\/romanistyka.wn.uw.edu.pl\/index.php\/wp-json\/wp\/v2\/types\/post"}],"author":[{"embeddable":true,"href":"https:\/\/romanistyka.wn.uw.edu.pl\/index.php\/wp-json\/wp\/v2\/users\/4"}],"replies":[{"embeddable":true,"href":"https:\/\/romanistyka.wn.uw.edu.pl\/index.php\/wp-json\/wp\/v2\/comments?post=2717"}],"version-history":[{"count":2,"href":"https:\/\/romanistyka.wn.uw.edu.pl\/index.php\/wp-json\/wp\/v2\/posts\/2717\/revisions"}],"predecessor-version":[{"id":2758,"href":"https:\/\/romanistyka.wn.uw.edu.pl\/index.php\/wp-json\/wp\/v2\/posts\/2717\/revisions\/2758"}],"wp:attachment":[{"href":"https:\/\/romanistyka.wn.uw.edu.pl\/index.php\/wp-json\/wp\/v2\/media?parent=2717"}],"wp:term":[{"taxonomy":"category","embeddable":true,"href":"https:\/\/romanistyka.wn.uw.edu.pl\/index.php\/wp-json\/wp\/v2\/categories?post=2717"},{"taxonomy":"post_tag","embeddable":true,"href":"https:\/\/romanistyka.wn.uw.edu.pl\/index.php\/wp-json\/wp\/v2\/tags?post=2717"}],"curies":[{"name":"wp","href":"https:\/\/api.w.org\/{rel}","templated":true}]}}