{"id":2707,"date":"2023-12-06T23:09:29","date_gmt":"2023-12-06T23:09:29","guid":{"rendered":"https:\/\/romanistyka.wn.uw.edu.pl\/?p=2707"},"modified":"2023-12-06T23:14:50","modified_gmt":"2023-12-06T23:14:50","slug":"prof-pilecka-odwoluje-dyzur-w-dniu-7-12","status":"publish","type":"post","link":"https:\/\/romanistyka.wn.uw.edu.pl\/index.php\/2023\/12\/06\/prof-pilecka-odwoluje-dyzur-w-dniu-7-12\/","title":{"rendered":"Prof.Pilecka odwo\u0142uje dy\u017cur w dniu 7.12"},"content":{"rendered":"\n<p class=\"wp-block-paragraph\">Szanowni Pa\u0144stwo,<\/p>\n\n\n\n<p class=\"wp-block-paragraph\">M\u00f3j dy\u017cur w dniu 7.12 jest odwo\u0142any, w pilnych sprawach prosz\u0119 o kontakt mailowy.<\/p>\n\n\n\n<p class=\"wp-block-paragraph\">Ewa Pilecka<\/p>\n","protected":false},"excerpt":{"rendered":"<p>Szanowni Pa\u0144stwo, M\u00f3j dy\u017cur w dniu 7.12 jest odwo\u0142any, w pilnych sprawach prosz\u0119 o kontakt mailowy. Ewa Pilecka<\/p>\n","protected":false},"author":6,"featured_media":0,"comment_status":"open","ping_status":"open","sticky":false,"template":"","format":"standard","meta":{"footnotes":""},"categories":[7],"tags":[],"class_list":["post-2707","post","type-post","status-publish","format-standard","hentry","category-ogloszenia-dla-studentow"],"_links":{"self":[{"href":"https:\/\/romanistyka.wn.uw.edu.pl\/index.php\/wp-json\/wp\/v2\/posts\/2707","targetHints":{"allow":["GET"]}}],"collection":[{"href":"https:\/\/romanistyka.wn.uw.edu.pl\/index.php\/wp-json\/wp\/v2\/posts"}],"about":[{"href":"https:\/\/romanistyka.wn.uw.edu.pl\/index.php\/wp-json\/wp\/v2\/types\/post"}],"author":[{"embeddable":true,"href":"https:\/\/romanistyka.wn.uw.edu.pl\/index.php\/wp-json\/wp\/v2\/users\/6"}],"replies":[{"embeddable":true,"href":"https:\/\/romanistyka.wn.uw.edu.pl\/index.php\/wp-json\/wp\/v2\/comments?post=2707"}],"version-history":[{"count":1,"href":"https:\/\/romanistyka.wn.uw.edu.pl\/index.php\/wp-json\/wp\/v2\/posts\/2707\/revisions"}],"predecessor-version":[{"id":2708,"href":"https:\/\/romanistyka.wn.uw.edu.pl\/index.php\/wp-json\/wp\/v2\/posts\/2707\/revisions\/2708"}],"wp:attachment":[{"href":"https:\/\/romanistyka.wn.uw.edu.pl\/index.php\/wp-json\/wp\/v2\/media?parent=2707"}],"wp:term":[{"taxonomy":"category","embeddable":true,"href":"https:\/\/romanistyka.wn.uw.edu.pl\/index.php\/wp-json\/wp\/v2\/categories?post=2707"},{"taxonomy":"post_tag","embeddable":true,"href":"https:\/\/romanistyka.wn.uw.edu.pl\/index.php\/wp-json\/wp\/v2\/tags?post=2707"}],"curies":[{"name":"wp","href":"https:\/\/api.w.org\/{rel}","templated":true}]}}