{"id":2513,"date":"2023-10-18T10:39:25","date_gmt":"2023-10-18T10:39:25","guid":{"rendered":"https:\/\/romanistyka.wn.uw.edu.pl\/?p=2513"},"modified":"2023-10-18T10:39:27","modified_gmt":"2023-10-18T10:39:27","slug":"wybory-na-wydziale-neofilologii","status":"publish","type":"post","link":"https:\/\/romanistyka.wn.uw.edu.pl\/index.php\/2023\/10\/18\/wybory-na-wydziale-neofilologii\/","title":{"rendered":"Wybory na Wydziale Neofilologii"},"content":{"rendered":"\n<p class=\"wp-block-paragraph\">Szanowni Pa\u0144stwo, <\/p>\n\n\n\n<p class=\"wp-block-paragraph\"><\/p>\n\n\n\n<p class=\"wp-block-paragraph\"><\/p>\n\n\n\n<p class=\"wp-block-paragraph\">Przypominamy, \u017ce wybory na Wydziale Neofilologii odb\u0119d\u0105 si\u0119 w dniach 23-24 pa\u017adziernika! Ka\u017cda jednostka b\u0119dzie wybiera\u0107 swoich przedstawicieli, tak\u017ce studenckich:<\/p>\n\n\n\n<p class=\"wp-block-paragraph\"><img loading=\"lazy\" decoding=\"async\" height=\"16\" width=\"16\" alt=\"\u2705\" src=\"https:\/\/ci3.googleusercontent.com\/proxy\/qDmvJjOquADwJnwHw8cuNn6loYvHC3yE9iUfwqhN3r-x6GI_K0E-dQLpdaEcnWI7Accodr8L7LYGkyC5eYTa99cnHs_R3HjzUyuAPVitn3ZEDcnT=s0-d-e1-ft#https:\/\/static.xx.fbcdn.net\/images\/emoji.php\/v9\/tb4\/2\/16\/2705.png\">do Rady Wydzia\u0142u<\/p>\n\n\n\n<p class=\"wp-block-paragraph\"><img loading=\"lazy\" decoding=\"async\" height=\"16\" width=\"16\" alt=\"\u2705\" src=\"https:\/\/ci3.googleusercontent.com\/proxy\/qDmvJjOquADwJnwHw8cuNn6loYvHC3yE9iUfwqhN3r-x6GI_K0E-dQLpdaEcnWI7Accodr8L7LYGkyC5eYTa99cnHs_R3HjzUyuAPVitn3ZEDcnT=s0-d-e1-ft#https:\/\/static.xx.fbcdn.net\/images\/emoji.php\/v9\/tb4\/2\/16\/2705.png\">do Rad Dydaktycznych dla poszczeg\u00f3lnych kierunk\u00f3w<\/p>\n\n\n\n<p class=\"wp-block-paragraph\"><img loading=\"lazy\" decoding=\"async\" height=\"16\" width=\"16\" alt=\"\u2705\" src=\"https:\/\/ci3.googleusercontent.com\/proxy\/qDmvJjOquADwJnwHw8cuNn6loYvHC3yE9iUfwqhN3r-x6GI_K0E-dQLpdaEcnWI7Accodr8L7LYGkyC5eYTa99cnHs_R3HjzUyuAPVitn3ZEDcnT=s0-d-e1-ft#https:\/\/static.xx.fbcdn.net\/images\/emoji.php\/v9\/tb4\/2\/16\/2705.png\">do&nbsp;<a><\/a>Rady Samorz\u0105du Student\u00f3w WN<\/p>\n\n\n\n<p class=\"wp-block-paragraph\">Startuj\u0105c i g\u0142osuj\u0105c w wyborach masz wp\u0142yw na takie rzeczy, jak: program studi\u00f3w, szczeg\u00f3\u0142owe zasady studiowania, wysoko\u015b\u0107 op\u0142at (za studia, powtarzanie zaj\u0119\u0107), og\u00f3lna polityka Wydzia\u0142u i kierunek jego rozwoju, i ka\u017cde zagadnienie zg\u0142oszone przez przedstawicieli student\u00f3w!<\/p>\n\n\n\n<p class=\"wp-block-paragraph\">Serdecznie zach\u0119camy do udzia\u0142u w wyborach &#8211; dzi\u0119ki oddanym g\u0142osom, masz realn\u0105 szans\u0119 zmieni\u0107 rzeczywisto\u015b\u0107 swoj\u0105 i innych os\u00f3b studiuj\u0105cych!<\/p>\n\n\n\n<p class=\"wp-block-paragraph\">A zatem &#8211; id\u017a na wybory!<\/p>\n\n\n\n<p class=\"wp-block-paragraph\"><img loading=\"lazy\" decoding=\"async\" height=\"16\" width=\"16\" alt=\"\ud83d\udd39\" src=\"https:\/\/ci5.googleusercontent.com\/proxy\/XkOyzUbox6tqFu7HZJbMLZx2F77OotY50mIqLlvuHRV5rkrnu_Ff-4ScTbWZy_SKQBa2jhB66ZnC9phWq29vzawEtmPTlxADw8LoEBqTzi_BSYalmg=s0-d-e1-ft#https:\/\/static.xx.fbcdn.net\/images\/emoji.php\/v9\/t92\/2\/16\/1f539.png\">CHCESZ KANDYDOWA\u0106 W WYBORACH?<img loading=\"lazy\" decoding=\"async\" height=\"16\" width=\"16\" alt=\"\ud83d\udd39\" src=\"https:\/\/ci5.googleusercontent.com\/proxy\/XkOyzUbox6tqFu7HZJbMLZx2F77OotY50mIqLlvuHRV5rkrnu_Ff-4ScTbWZy_SKQBa2jhB66ZnC9phWq29vzawEtmPTlxADw8LoEBqTzi_BSYalmg=s0-d-e1-ft#https:\/\/static.xx.fbcdn.net\/images\/emoji.php\/v9\/t92\/2\/16\/1f539.png\"><\/p>\n\n\n\n<p class=\"wp-block-paragraph\">Do wybor\u00f3w mo\u017cna si\u0119 zg\u0142osi\u0107 wysy\u0142aj\u0105c zgod\u0119 na kandydowanie do&nbsp;<a href=\"https:\/\/www.facebook.com\/kwssuw?__cft__[0]=AZXY5q3Zy4SRXzFALHGTCD8aJsvYna7xWPLhb2ng34BD2yq2vuriR_So6xf-nKBmmqrEwxUULZOIhu50PRw58pTCrHI1wXV8NyGzOVWwrFxWRboc1fmHE0nSLWHZifxOTJrXT6yQejUrV0aZgobqThEJgmIujo79S2bEjHgTe2TX3IuX90C3wMFSEqs_pMT6Y6s&amp;__tn__=-]K-R\" target=\"_blank\" rel=\"noreferrer noopener\">Komisja Wyborcza Samorz\u0105du Student\u00f3w Uniwersytetu Warszawskiego<\/a>.<\/p>\n\n\n\n<p class=\"wp-block-paragraph\">Studenci zainteresowani swoje pytania mog\u0105 kierowa\u0107 do Komisji Wyborczej oraz sprawdzaj\u0105c obwieszczenie na stronie internetowej:&nbsp;<a href=\"http:\/\/ukw.samorzad.uw.edu.pl\/?fbclid=IwAR10eQmpmjLUZ-Mop_LcBoiqoORK00C9wkpw_Yd_eswQFx5UG2QzPrs6pkU\" rel=\"noreferrer noopener\" target=\"_blank\">http:\/\/ukw.samorzad.uw.edu.pl\/<\/a><\/p>\n\n\n\n<p class=\"wp-block-paragraph\"><img loading=\"lazy\" decoding=\"async\" height=\"16\" width=\"16\" src=\"https:\/\/ci3.googleusercontent.com\/proxy\/qDmvJjOquADwJnwHw8cuNn6loYvHC3yE9iUfwqhN3r-x6GI_K0E-dQLpdaEcnWI7Accodr8L7LYGkyC5eYTa99cnHs_R3HjzUyuAPVitn3ZEDcnT=s0-d-e1-ft#https:\/\/static.xx.fbcdn.net\/images\/emoji.php\/v9\/tb4\/2\/16\/2705.png\" alt=\"\u2705\">Nie zwlekaj z kandydatur\u0105 &#8211; mo\u017cesz si\u0119 zg\u0142asza\u0107 do pi\u0105tku (20.10) \u2013 wybory ju\u017c w poniedzia\u0142ek!<\/p>\n\n\n\n<p class=\"wp-block-paragraph\"><\/p>\n\n\n\n<p class=\"wp-block-paragraph\">serdecznie<\/p>\n\n\n\n<p class=\"wp-block-paragraph\">Ma\u0142gorzata Molska<\/p>\n","protected":false},"excerpt":{"rendered":"<p>Szanowni Pa\u0144stwo, Przypominamy, \u017ce wybory na Wydziale Neofilologii odb\u0119d\u0105 si\u0119 w dniach 23-24 pa\u017adziernika! Ka\u017cda jednostka b\u0119dzie wybiera\u0107 swoich przedstawicieli, tak\u017ce studenckich: do Rady Wydzia\u0142u do Rad Dydaktycznych dla poszczeg\u00f3lnych kierunk\u00f3w do&nbsp;Rady Samorz\u0105du Student\u00f3w WN Startuj\u0105c i g\u0142osuj\u0105c w wyborach masz wp\u0142yw na takie rzeczy, jak: program studi\u00f3w, szczeg\u00f3\u0142owe zasady studiowania, wysoko\u015b\u0107 op\u0142at (za studia, [&hellip;]<\/p>\n","protected":false},"author":4,"featured_media":0,"comment_status":"open","ping_status":"open","sticky":false,"template":"","format":"standard","meta":{"footnotes":""},"categories":[7],"tags":[],"class_list":["post-2513","post","type-post","status-publish","format-standard","hentry","category-ogloszenia-dla-studentow"],"_links":{"self":[{"href":"https:\/\/romanistyka.wn.uw.edu.pl\/index.php\/wp-json\/wp\/v2\/posts\/2513","targetHints":{"allow":["GET"]}}],"collection":[{"href":"https:\/\/romanistyka.wn.uw.edu.pl\/index.php\/wp-json\/wp\/v2\/posts"}],"about":[{"href":"https:\/\/romanistyka.wn.uw.edu.pl\/index.php\/wp-json\/wp\/v2\/types\/post"}],"author":[{"embeddable":true,"href":"https:\/\/romanistyka.wn.uw.edu.pl\/index.php\/wp-json\/wp\/v2\/users\/4"}],"replies":[{"embeddable":true,"href":"https:\/\/romanistyka.wn.uw.edu.pl\/index.php\/wp-json\/wp\/v2\/comments?post=2513"}],"version-history":[{"count":1,"href":"https:\/\/romanistyka.wn.uw.edu.pl\/index.php\/wp-json\/wp\/v2\/posts\/2513\/revisions"}],"predecessor-version":[{"id":2514,"href":"https:\/\/romanistyka.wn.uw.edu.pl\/index.php\/wp-json\/wp\/v2\/posts\/2513\/revisions\/2514"}],"wp:attachment":[{"href":"https:\/\/romanistyka.wn.uw.edu.pl\/index.php\/wp-json\/wp\/v2\/media?parent=2513"}],"wp:term":[{"taxonomy":"category","embeddable":true,"href":"https:\/\/romanistyka.wn.uw.edu.pl\/index.php\/wp-json\/wp\/v2\/categories?post=2513"},{"taxonomy":"post_tag","embeddable":true,"href":"https:\/\/romanistyka.wn.uw.edu.pl\/index.php\/wp-json\/wp\/v2\/tags?post=2513"}],"curies":[{"name":"wp","href":"https:\/\/api.w.org\/{rel}","templated":true}]}}