{"id":2480,"date":"2023-10-12T19:29:36","date_gmt":"2023-10-12T19:29:36","guid":{"rendered":"https:\/\/romanistyka.wn.uw.edu.pl\/?p=2480"},"modified":"2023-10-12T19:29:37","modified_gmt":"2023-10-12T19:29:37","slug":"warsztaty-i-ankieta-z-wynagrodzeniem","status":"publish","type":"post","link":"https:\/\/romanistyka.wn.uw.edu.pl\/index.php\/2023\/10\/12\/warsztaty-i-ankieta-z-wynagrodzeniem\/","title":{"rendered":"WARSZTATY I ANKIETA Z WYNAGRODZENIEM"},"content":{"rendered":"\n<p class=\"wp-block-paragraph\">Szanowni Pa\u0144stwo, <\/p>\n\n\n\n<p class=\"wp-block-paragraph\"><\/p>\n\n\n\n<p class=\"wp-block-paragraph\">Zapraszamy do udzia\u0142u w wyj\u0105tkowych warsztatach rozwijaj\u0105cych umiej\u0119tno\u015bci argumentacji i przemawiania publicznego.&nbsp;Podczas 3-godzinnego warsztatu online prowadzonego przez do\u015bwiadczonych trener\u00f3w uczestnicy przejd\u0105 przez zestaw \u0107wicze\u0144 ucz\u0105cych konstruowania wypowiedzi i krytycznego my\u015blenia.&nbsp;Zaj\u0119cia odbywaj\u0105 si\u0119 w ramach wsp\u00f3\u0142pracy Uniwersytetu Warszawskiego, Collegio Carlo Alberto i Fundacji Polska Debatuje.<\/p>\n\n\n\n<p class=\"wp-block-paragraph\">Za udzia\u0142 w spotkaniu i wype\u0142nienie kr\u00f3tkiej ankiety ka\u017cdy uczestnik otrzyma bon na Allegro w wysoko\u015bci 50 z\u0142.&nbsp;<\/p>\n\n\n\n<p class=\"wp-block-paragraph\">Rejestracja do wyczerpania miejsc za pomoc\u0105 Doodle:&nbsp;<\/p>\n\n\n\n<p class=\"wp-block-paragraph\"><a href=\"https:\/\/doodle.com\/bp\/konradkiljan\/warsztat-debatowanie-uw-padziernik\">https:\/\/doodle.com\/bp\/konradkiljan\/warsztat-debatowanie-uw-padziernik<\/a><\/p>\n\n\n\n<p class=\"wp-block-paragraph\">Pytania do organizator\u00f3w prosimy kierowa\u0107 na mail\u00a0<a href=\"mailto:Konrad.kiljan@uw.edu.pl\">Konrad.kiljan@uw.edu.pl<\/a><\/p>\n\n\n\n<p class=\"wp-block-paragraph\"><\/p>\n\n\n\n<p class=\"wp-block-paragraph\"><\/p>\n\n\n\n<p class=\"wp-block-paragraph\">Serdecznie<\/p>\n\n\n\n<p class=\"wp-block-paragraph\">Ma\u0142gorzata Molska <\/p>\n","protected":false},"excerpt":{"rendered":"<p>Szanowni Pa\u0144stwo, Zapraszamy do udzia\u0142u w wyj\u0105tkowych warsztatach rozwijaj\u0105cych umiej\u0119tno\u015bci argumentacji i przemawiania publicznego.&nbsp;Podczas 3-godzinnego warsztatu online prowadzonego przez do\u015bwiadczonych trener\u00f3w uczestnicy przejd\u0105 przez zestaw \u0107wicze\u0144 ucz\u0105cych konstruowania wypowiedzi i krytycznego my\u015blenia.&nbsp;Zaj\u0119cia odbywaj\u0105 si\u0119 w ramach wsp\u00f3\u0142pracy Uniwersytetu Warszawskiego, Collegio Carlo Alberto i Fundacji Polska Debatuje. Za udzia\u0142 w spotkaniu i wype\u0142nienie kr\u00f3tkiej ankiety ka\u017cdy [&hellip;]<\/p>\n","protected":false},"author":4,"featured_media":0,"comment_status":"open","ping_status":"open","sticky":false,"template":"","format":"standard","meta":{"footnotes":""},"categories":[7],"tags":[],"class_list":["post-2480","post","type-post","status-publish","format-standard","hentry","category-ogloszenia-dla-studentow"],"_links":{"self":[{"href":"https:\/\/romanistyka.wn.uw.edu.pl\/index.php\/wp-json\/wp\/v2\/posts\/2480","targetHints":{"allow":["GET"]}}],"collection":[{"href":"https:\/\/romanistyka.wn.uw.edu.pl\/index.php\/wp-json\/wp\/v2\/posts"}],"about":[{"href":"https:\/\/romanistyka.wn.uw.edu.pl\/index.php\/wp-json\/wp\/v2\/types\/post"}],"author":[{"embeddable":true,"href":"https:\/\/romanistyka.wn.uw.edu.pl\/index.php\/wp-json\/wp\/v2\/users\/4"}],"replies":[{"embeddable":true,"href":"https:\/\/romanistyka.wn.uw.edu.pl\/index.php\/wp-json\/wp\/v2\/comments?post=2480"}],"version-history":[{"count":1,"href":"https:\/\/romanistyka.wn.uw.edu.pl\/index.php\/wp-json\/wp\/v2\/posts\/2480\/revisions"}],"predecessor-version":[{"id":2481,"href":"https:\/\/romanistyka.wn.uw.edu.pl\/index.php\/wp-json\/wp\/v2\/posts\/2480\/revisions\/2481"}],"wp:attachment":[{"href":"https:\/\/romanistyka.wn.uw.edu.pl\/index.php\/wp-json\/wp\/v2\/media?parent=2480"}],"wp:term":[{"taxonomy":"category","embeddable":true,"href":"https:\/\/romanistyka.wn.uw.edu.pl\/index.php\/wp-json\/wp\/v2\/categories?post=2480"},{"taxonomy":"post_tag","embeddable":true,"href":"https:\/\/romanistyka.wn.uw.edu.pl\/index.php\/wp-json\/wp\/v2\/tags?post=2480"}],"curies":[{"name":"wp","href":"https:\/\/api.w.org\/{rel}","templated":true}]}}