{"id":2478,"date":"2023-10-12T19:14:17","date_gmt":"2023-10-12T19:14:17","guid":{"rendered":"https:\/\/romanistyka.wn.uw.edu.pl\/?p=2478"},"modified":"2023-10-12T19:14:19","modified_gmt":"2023-10-12T19:14:19","slug":"wnioskowanie-o-swiadczenia-na-uw","status":"publish","type":"post","link":"https:\/\/romanistyka.wn.uw.edu.pl\/index.php\/2023\/10\/12\/wnioskowanie-o-swiadczenia-na-uw\/","title":{"rendered":"Wnioskowanie o \u015bwiadczenia na UW"},"content":{"rendered":"\n<blockquote class=\"wp-block-quote is-layout-flow wp-block-quote-is-layout-flow\">\n<p class=\"wp-block-paragraph\">Szanowni Pa\u0144stwo,&nbsp;<\/p>\n\n\n\n<p class=\"wp-block-paragraph\">pocz\u0105tek roku akademickiego wi\u0105\u017ce si\u0119 z wnioskowaniem o r\u00f3\u017cnego typu \u015bwiadczenia, w tym: stypendium socjalne, stypendium dla os\u00f3b niepe\u0142nosprawnych, stypendium rektora oraz stypendium ministra. Poni\u017cej znajd\u0105 Pa\u0144stwo informacje na temat termin\u00f3w sk\u0142adania wniosk\u00f3w oraz linki do przydatnych informacji:&nbsp;<\/p>\n<\/blockquote>\n\n\n\n<ul class=\"wp-block-list\">\n<li><strong>Stypendium socjalne<\/strong><\/li>\n<\/ul>\n\n\n\n<blockquote class=\"wp-block-quote is-layout-flow wp-block-quote-is-layout-flow\">\n<p class=\"wp-block-paragraph\">Aby nie straci\u0107 prawa do stypendium socjalnego za pa\u017adziernik, nale\u017cy z\u0142o\u017cy\u0107 wniosek&nbsp;<strong>do 18 pa\u017adziernika<\/strong>.&nbsp;<\/p>\n\n\n\n<p class=\"wp-block-paragraph\">Wi\u0119cej informacji:&nbsp;<a href=\"https:\/\/bpm.uw.edu.pl\/wszystko-co-musisz-wiedziec-o-stypendium-socjalnym-rok-akademicki-2023-2024\/\" target=\"_blank\" rel=\"noreferrer noopener\">https:\/\/bpm.uw.edu.pl\/wszystko-co-musisz-wiedziec-o-stypendium-socjalnym-rok-akademicki-2023-2024\/<\/a><\/p>\n<\/blockquote>\n\n\n\n<ul class=\"wp-block-list\">\n<li><strong>Stypendium dla os\u00f3b niepe\u0142nosprawnych&nbsp;<\/strong><\/li>\n<\/ul>\n\n\n\n<blockquote class=\"wp-block-quote is-layout-flow wp-block-quote-is-layout-flow\">\n<p class=\"wp-block-paragraph\">Aby nie straci\u0107 prawa do stypendium dla os\u00f3b niepe\u0142nosprawnych za pa\u017adziernik, nale\u017cy z\u0142o\u017cy\u0107 wniosek&nbsp;<strong>do 20 pa\u017adziernika<\/strong>.&nbsp;<\/p>\n\n\n\n<p class=\"wp-block-paragraph\">Wi\u0119cej informacji:&nbsp;<a href=\"https:\/\/bon.uw.edu.pl\/stypendium-dla-osob-z-niepelnosprawnosciami-w-roku-akademickim-2023-2024\/\" target=\"_blank\" rel=\"noreferrer noopener\">https:\/\/bon.uw.edu.pl\/stypendium-dla-osob-z-niepelnosprawnosciami-w-roku-akademickim-2023-2024\/<\/a><\/p>\n<\/blockquote>\n\n\n\n<ul class=\"wp-block-list\">\n<li><strong>Stypendium rektora<\/strong><\/li>\n<\/ul>\n\n\n\n<blockquote class=\"wp-block-quote is-layout-flow wp-block-quote-is-layout-flow\">\n<p class=\"wp-block-paragraph\">Wnioski o stypendium rektora mo\u017cna sk\u0142ada\u0107 jedynie&nbsp;<strong>do 16 pa\u017adziernika<\/strong>. Jest to termin nieprzekraczalny!&nbsp;<\/p>\n\n\n\n<p class=\"wp-block-paragraph\">Wi\u0119cej informacji:&nbsp;<a href=\"https:\/\/bpm.uw.edu.pl\/wszystko-co-musisz-wiedziec-o-wnioskowaniu-o-stypendium-rektora-rok-akademicki-2023-2024\/\" target=\"_blank\" rel=\"noreferrer noopener\">https:\/\/bpm.uw.edu.pl\/wszystko-co-musisz-wiedziec-o-wnioskowaniu-o-stypendium-rektora-rok-akademicki-2023-2024\/<\/a><\/p>\n<\/blockquote>\n\n\n\n<ul class=\"wp-block-list\">\n<li><strong>Stypendium ministra<\/strong><\/li>\n<\/ul>\n\n\n\n<blockquote class=\"wp-block-quote is-layout-flow wp-block-quote-is-layout-flow\">\n<p class=\"wp-block-paragraph\">Zg\u0142oszenia ws. za\u0142o\u017cenia konta w systemie OSF w celu z\u0142o\u017cenia wniosku o stypendium ministra mo\u017cna przesy\u0142a\u0107 na adres:&nbsp;<a href=\"mailto:bpm@uw.edu.pl\" target=\"_blank\" rel=\"noreferrer noopener\">bpm@uw.edu.pl<\/a>&nbsp;<strong>do 16 pa\u017adziernika<\/strong>.&nbsp;<\/p>\n\n\n\n<p class=\"wp-block-paragraph\">Wi\u0119cej informacji:&nbsp;<a href=\"https:\/\/bpm.uw.edu.pl\/wszystko-co-musisz-wiedziec-o-stypendium-ministra-rok-akademicki-2023-2024\/\" target=\"_blank\" rel=\"noreferrer noopener\">https:\/\/bpm.uw.edu.pl\/wszystko-co-musisz-wiedziec-o-stypendium-ministra-rok-akademicki-2023-2024\/<\/a><\/p>\n\n\n\n<p class=\"wp-block-paragraph\">Przez ca\u0142y rok akademicki mog\u0105 Pa\u0144stwo r\u00f3wnie\u017c sk\u0142ada\u0107 wnioski o&nbsp;<strong>zapomog\u0119<\/strong>&nbsp;(wi\u0119cej infromacji:&nbsp;<a href=\"https:\/\/bpm.uw.edu.pl\/zapomogi\/\" target=\"_blank\" rel=\"noreferrer noopener\">https:\/\/bpm.uw.edu.pl\/zapomogi\/<\/a>).&nbsp;<\/p>\n\n\n\n<p class=\"wp-block-paragraph\">Komunikat Rektora ze szczeg\u00f3\u0142owymi terminami sk\u0142adania wniosk\u00f3w znajd\u0105 Pa\u0144stwo na stronie:&nbsp;<a href=\"https:\/\/bpm.uw.edu.pl\/komunikat-rektora-w-sprawie-terminow-oraz-formy-ubiegania-sie-o-swiadczenia-pomocy-materialnej-w-roku-akademickim-2023-2024-dla-studentow\/\" target=\"_blank\" rel=\"noreferrer noopener\">https:\/\/bpm.uw.edu.pl\/komunikat-rektora-w-sprawie-terminow-oraz-formy-ubiegania-sie-o-swiadczenia-pomocy-materialnej-w-roku-akademickim-2023-2024-dla-studentow\/<\/a>.&nbsp;<\/p>\n<\/blockquote>\n\n\n\n<p class=\"wp-block-paragraph\"><\/p>\n\n\n\n<p class=\"wp-block-paragraph\">Serdecznie<\/p>\n\n\n\n<p class=\"wp-block-paragraph\">Ma\u0142gorzata Molska <\/p>\n","protected":false},"excerpt":{"rendered":"<p>Szanowni Pa\u0144stwo,&nbsp; pocz\u0105tek roku akademickiego wi\u0105\u017ce si\u0119 z wnioskowaniem o r\u00f3\u017cnego typu \u015bwiadczenia, w tym: stypendium socjalne, stypendium dla os\u00f3b niepe\u0142nosprawnych, stypendium rektora oraz stypendium ministra. Poni\u017cej znajd\u0105 Pa\u0144stwo informacje na temat termin\u00f3w sk\u0142adania wniosk\u00f3w oraz linki do przydatnych informacji:&nbsp; Aby nie straci\u0107 prawa do stypendium socjalnego za pa\u017adziernik, nale\u017cy z\u0142o\u017cy\u0107 wniosek&nbsp;do 18 pa\u017adziernika.&nbsp; Wi\u0119cej [&hellip;]<\/p>\n","protected":false},"author":4,"featured_media":0,"comment_status":"open","ping_status":"open","sticky":false,"template":"","format":"standard","meta":{"footnotes":""},"categories":[7],"tags":[],"class_list":["post-2478","post","type-post","status-publish","format-standard","hentry","category-ogloszenia-dla-studentow"],"_links":{"self":[{"href":"https:\/\/romanistyka.wn.uw.edu.pl\/index.php\/wp-json\/wp\/v2\/posts\/2478","targetHints":{"allow":["GET"]}}],"collection":[{"href":"https:\/\/romanistyka.wn.uw.edu.pl\/index.php\/wp-json\/wp\/v2\/posts"}],"about":[{"href":"https:\/\/romanistyka.wn.uw.edu.pl\/index.php\/wp-json\/wp\/v2\/types\/post"}],"author":[{"embeddable":true,"href":"https:\/\/romanistyka.wn.uw.edu.pl\/index.php\/wp-json\/wp\/v2\/users\/4"}],"replies":[{"embeddable":true,"href":"https:\/\/romanistyka.wn.uw.edu.pl\/index.php\/wp-json\/wp\/v2\/comments?post=2478"}],"version-history":[{"count":1,"href":"https:\/\/romanistyka.wn.uw.edu.pl\/index.php\/wp-json\/wp\/v2\/posts\/2478\/revisions"}],"predecessor-version":[{"id":2479,"href":"https:\/\/romanistyka.wn.uw.edu.pl\/index.php\/wp-json\/wp\/v2\/posts\/2478\/revisions\/2479"}],"wp:attachment":[{"href":"https:\/\/romanistyka.wn.uw.edu.pl\/index.php\/wp-json\/wp\/v2\/media?parent=2478"}],"wp:term":[{"taxonomy":"category","embeddable":true,"href":"https:\/\/romanistyka.wn.uw.edu.pl\/index.php\/wp-json\/wp\/v2\/categories?post=2478"},{"taxonomy":"post_tag","embeddable":true,"href":"https:\/\/romanistyka.wn.uw.edu.pl\/index.php\/wp-json\/wp\/v2\/tags?post=2478"}],"curies":[{"name":"wp","href":"https:\/\/api.w.org\/{rel}","templated":true}]}}