{"id":2476,"date":"2023-10-11T10:59:15","date_gmt":"2023-10-11T10:59:15","guid":{"rendered":"https:\/\/romanistyka.wn.uw.edu.pl\/?p=2476"},"modified":"2023-10-11T10:59:17","modified_gmt":"2023-10-11T10:59:17","slug":"i-rok-spotkanie-z-opiekunem-roku","status":"publish","type":"post","link":"https:\/\/romanistyka.wn.uw.edu.pl\/index.php\/2023\/10\/11\/i-rok-spotkanie-z-opiekunem-roku\/","title":{"rendered":"I rok &#8211; spotkanie z opiekunem roku"},"content":{"rendered":"\n<p class=\"wp-block-paragraph\">Drogie Osoby, <\/p>\n\n\n\n<p class=\"wp-block-paragraph\">wszystkich, kt\u00f3rzy chcieliby spotka\u0107 si\u0119 ze mn\u0105 i porozmawia\u0107 o bie\u017c\u0105cych sprawach zwi\u0105zanych ze studiami IR zapraszam jutro od 16.45 do 17.15, do sali 3.154. <\/p>\n\n\n\n<p class=\"wp-block-paragraph\">Z pozdrowieniami <\/p>\n\n\n\n<p class=\"wp-block-paragraph\">Magdalena Grycan <\/p>\n","protected":false},"excerpt":{"rendered":"<p>Drogie Osoby, wszystkich, kt\u00f3rzy chcieliby spotka\u0107 si\u0119 ze mn\u0105 i porozmawia\u0107 o bie\u017c\u0105cych sprawach zwi\u0105zanych ze studiami IR zapraszam jutro od 16.45 do 17.15, do sali 3.154. Z pozdrowieniami Magdalena Grycan<\/p>\n","protected":false},"author":6,"featured_media":0,"comment_status":"open","ping_status":"open","sticky":false,"template":"","format":"standard","meta":{"footnotes":""},"categories":[7],"tags":[],"class_list":["post-2476","post","type-post","status-publish","format-standard","hentry","category-ogloszenia-dla-studentow"],"_links":{"self":[{"href":"https:\/\/romanistyka.wn.uw.edu.pl\/index.php\/wp-json\/wp\/v2\/posts\/2476","targetHints":{"allow":["GET"]}}],"collection":[{"href":"https:\/\/romanistyka.wn.uw.edu.pl\/index.php\/wp-json\/wp\/v2\/posts"}],"about":[{"href":"https:\/\/romanistyka.wn.uw.edu.pl\/index.php\/wp-json\/wp\/v2\/types\/post"}],"author":[{"embeddable":true,"href":"https:\/\/romanistyka.wn.uw.edu.pl\/index.php\/wp-json\/wp\/v2\/users\/6"}],"replies":[{"embeddable":true,"href":"https:\/\/romanistyka.wn.uw.edu.pl\/index.php\/wp-json\/wp\/v2\/comments?post=2476"}],"version-history":[{"count":1,"href":"https:\/\/romanistyka.wn.uw.edu.pl\/index.php\/wp-json\/wp\/v2\/posts\/2476\/revisions"}],"predecessor-version":[{"id":2477,"href":"https:\/\/romanistyka.wn.uw.edu.pl\/index.php\/wp-json\/wp\/v2\/posts\/2476\/revisions\/2477"}],"wp:attachment":[{"href":"https:\/\/romanistyka.wn.uw.edu.pl\/index.php\/wp-json\/wp\/v2\/media?parent=2476"}],"wp:term":[{"taxonomy":"category","embeddable":true,"href":"https:\/\/romanistyka.wn.uw.edu.pl\/index.php\/wp-json\/wp\/v2\/categories?post=2476"},{"taxonomy":"post_tag","embeddable":true,"href":"https:\/\/romanistyka.wn.uw.edu.pl\/index.php\/wp-json\/wp\/v2\/tags?post=2476"}],"curies":[{"name":"wp","href":"https:\/\/api.w.org\/{rel}","templated":true}]}}