{"id":2470,"date":"2023-10-09T16:45:30","date_gmt":"2023-10-09T16:45:30","guid":{"rendered":"https:\/\/romanistyka.wn.uw.edu.pl\/?p=2470"},"modified":"2023-10-10T03:39:13","modified_gmt":"2023-10-10T03:39:13","slug":"fonetyka-jezyka-francuskiego-ip-i-iz-grupy-2-3-4","status":"publish","type":"post","link":"https:\/\/romanistyka.wn.uw.edu.pl\/index.php\/2023\/10\/09\/fonetyka-jezyka-francuskiego-ip-i-iz-grupy-2-3-4\/","title":{"rendered":"Fonetyka j\u0119zyka francuskiego Ip i Iz &#8211; grupy 2, 3, 4"},"content":{"rendered":"\n<p class=\"wp-block-paragraph\">Szanowni Pa\u0144stwo,<\/p>\n\n\n\n<p class=\"wp-block-paragraph\">Zaj\u0119cia grupy Iz we wtorki o godz. 11.30 b\u0119d\u0105 odbywa\u0107 si\u0119 w sali <strong>3.154<\/strong>.<\/p>\n\n\n\n<p class=\"wp-block-paragraph\">Jest to grupa zaawansowana. Osoby pocz\u0105tkuj\u0105ce prosz\u0119 o przepisanie si\u0119 do odpowiednich grup.<\/p>\n\n\n\n<p class=\"wp-block-paragraph\">Odpowiadaj\u0105c na pro\u015bby o dopisanie na zaj\u0119cia, <strong>limity miejsc we wszystkich grupach Ip zosta\u0142y zwi\u0119kszone<\/strong>, aby mogli Pa\u0144stwo samodzielnie zapisa\u0107 si\u0119 do wybranej grupy. <\/p>\n\n\n\n<p class=\"wp-block-paragraph\">Pozdrawiam serdecznie,<\/p>\n\n\n\n<p class=\"wp-block-paragraph\">Alicja Jaworska-Kaska<\/p>\n","protected":false},"excerpt":{"rendered":"<p>Szanowni Pa\u0144stwo, Zaj\u0119cia grupy Iz we wtorki o godz. 11.30 b\u0119d\u0105 odbywa\u0107 si\u0119 w sali 3.154. Jest to grupa zaawansowana. Osoby pocz\u0105tkuj\u0105ce prosz\u0119 o przepisanie si\u0119 do odpowiednich grup. Odpowiadaj\u0105c na pro\u015bby o dopisanie na zaj\u0119cia, limity miejsc we wszystkich grupach Ip zosta\u0142y zwi\u0119kszone, aby mogli Pa\u0144stwo samodzielnie zapisa\u0107 si\u0119 do wybranej grupy. Pozdrawiam serdecznie, [&hellip;]<\/p>\n","protected":false},"author":6,"featured_media":0,"comment_status":"open","ping_status":"open","sticky":false,"template":"","format":"standard","meta":{"footnotes":""},"categories":[7],"tags":[],"class_list":["post-2470","post","type-post","status-publish","format-standard","hentry","category-ogloszenia-dla-studentow"],"_links":{"self":[{"href":"https:\/\/romanistyka.wn.uw.edu.pl\/index.php\/wp-json\/wp\/v2\/posts\/2470","targetHints":{"allow":["GET"]}}],"collection":[{"href":"https:\/\/romanistyka.wn.uw.edu.pl\/index.php\/wp-json\/wp\/v2\/posts"}],"about":[{"href":"https:\/\/romanistyka.wn.uw.edu.pl\/index.php\/wp-json\/wp\/v2\/types\/post"}],"author":[{"embeddable":true,"href":"https:\/\/romanistyka.wn.uw.edu.pl\/index.php\/wp-json\/wp\/v2\/users\/6"}],"replies":[{"embeddable":true,"href":"https:\/\/romanistyka.wn.uw.edu.pl\/index.php\/wp-json\/wp\/v2\/comments?post=2470"}],"version-history":[{"count":5,"href":"https:\/\/romanistyka.wn.uw.edu.pl\/index.php\/wp-json\/wp\/v2\/posts\/2470\/revisions"}],"predecessor-version":[{"id":2475,"href":"https:\/\/romanistyka.wn.uw.edu.pl\/index.php\/wp-json\/wp\/v2\/posts\/2470\/revisions\/2475"}],"wp:attachment":[{"href":"https:\/\/romanistyka.wn.uw.edu.pl\/index.php\/wp-json\/wp\/v2\/media?parent=2470"}],"wp:term":[{"taxonomy":"category","embeddable":true,"href":"https:\/\/romanistyka.wn.uw.edu.pl\/index.php\/wp-json\/wp\/v2\/categories?post=2470"},{"taxonomy":"post_tag","embeddable":true,"href":"https:\/\/romanistyka.wn.uw.edu.pl\/index.php\/wp-json\/wp\/v2\/tags?post=2470"}],"curies":[{"name":"wp","href":"https:\/\/api.w.org\/{rel}","templated":true}]}}