{"id":2422,"date":"2023-10-03T07:43:23","date_gmt":"2023-10-03T07:43:23","guid":{"rendered":"https:\/\/romanistyka.wn.uw.edu.pl\/?p=2422"},"modified":"2023-10-03T07:43:24","modified_gmt":"2023-10-03T07:43:24","slug":"dr-magdalena-grycan-przeniesienie-dyzuru","status":"publish","type":"post","link":"https:\/\/romanistyka.wn.uw.edu.pl\/index.php\/2023\/10\/03\/dr-magdalena-grycan-przeniesienie-dyzuru\/","title":{"rendered":"Dr Magdalena Grycan &#8211; przeniesienie dy\u017curu"},"content":{"rendered":"\n<p class=\"wp-block-paragraph\">Drogie Osoby, <\/p>\n\n\n\n<p class=\"wp-block-paragraph\">w tym tygodniu m\u00f3j dy\u017cur wyj\u0105tkowo odb\u0119dzie si\u0119 w czwartek, w godzinach 13.30-14.30 (gabinet 3.419). W sprawach pilnych prosz\u0119 o kontakt mailowy. <\/p>\n\n\n\n<p class=\"wp-block-paragraph\">\u0141\u0105cz\u0119 pozdrowienia<\/p>\n\n\n\n<p class=\"wp-block-paragraph\">Magdalena Grycan <\/p>\n","protected":false},"excerpt":{"rendered":"<p>Drogie Osoby, w tym tygodniu m\u00f3j dy\u017cur wyj\u0105tkowo odb\u0119dzie si\u0119 w czwartek, w godzinach 13.30-14.30 (gabinet 3.419). W sprawach pilnych prosz\u0119 o kontakt mailowy. \u0141\u0105cz\u0119 pozdrowienia Magdalena Grycan<\/p>\n","protected":false},"author":6,"featured_media":0,"comment_status":"open","ping_status":"open","sticky":false,"template":"","format":"standard","meta":{"footnotes":""},"categories":[7],"tags":[],"class_list":["post-2422","post","type-post","status-publish","format-standard","hentry","category-ogloszenia-dla-studentow"],"_links":{"self":[{"href":"https:\/\/romanistyka.wn.uw.edu.pl\/index.php\/wp-json\/wp\/v2\/posts\/2422","targetHints":{"allow":["GET"]}}],"collection":[{"href":"https:\/\/romanistyka.wn.uw.edu.pl\/index.php\/wp-json\/wp\/v2\/posts"}],"about":[{"href":"https:\/\/romanistyka.wn.uw.edu.pl\/index.php\/wp-json\/wp\/v2\/types\/post"}],"author":[{"embeddable":true,"href":"https:\/\/romanistyka.wn.uw.edu.pl\/index.php\/wp-json\/wp\/v2\/users\/6"}],"replies":[{"embeddable":true,"href":"https:\/\/romanistyka.wn.uw.edu.pl\/index.php\/wp-json\/wp\/v2\/comments?post=2422"}],"version-history":[{"count":1,"href":"https:\/\/romanistyka.wn.uw.edu.pl\/index.php\/wp-json\/wp\/v2\/posts\/2422\/revisions"}],"predecessor-version":[{"id":2423,"href":"https:\/\/romanistyka.wn.uw.edu.pl\/index.php\/wp-json\/wp\/v2\/posts\/2422\/revisions\/2423"}],"wp:attachment":[{"href":"https:\/\/romanistyka.wn.uw.edu.pl\/index.php\/wp-json\/wp\/v2\/media?parent=2422"}],"wp:term":[{"taxonomy":"category","embeddable":true,"href":"https:\/\/romanistyka.wn.uw.edu.pl\/index.php\/wp-json\/wp\/v2\/categories?post=2422"},{"taxonomy":"post_tag","embeddable":true,"href":"https:\/\/romanistyka.wn.uw.edu.pl\/index.php\/wp-json\/wp\/v2\/tags?post=2422"}],"curies":[{"name":"wp","href":"https:\/\/api.w.org\/{rel}","templated":true}]}}