{"id":2420,"date":"2023-10-02T18:28:09","date_gmt":"2023-10-02T18:28:09","guid":{"rendered":"https:\/\/romanistyka.wn.uw.edu.pl\/?p=2420"},"modified":"2023-10-02T18:28:10","modified_gmt":"2023-10-02T18:28:10","slug":"konwersatorium-literaturoznawcze-kl-ip-8h00","status":"publish","type":"post","link":"https:\/\/romanistyka.wn.uw.edu.pl\/index.php\/2023\/10\/02\/konwersatorium-literaturoznawcze-kl-ip-8h00\/","title":{"rendered":"Konwersatorium literaturoznawcze KL Ip 8h00"},"content":{"rendered":"\n<p class=\"wp-block-paragraph\"><\/p>\n\n\n\n<p class=\"wp-block-paragraph\">Szanowni Pa\u0144stwo, <\/p>\n\n\n\n<p class=\"wp-block-paragraph\"><\/p>\n\n\n\n<p class=\"wp-block-paragraph\">jutrzejsze konwersatorium : Konwersatorium literaturoznawcze: Znane i mniej znane dzie\u0142a literatury francuskiej<\/p>\n\n\n\n<p class=\"wp-block-paragraph\">XVII wieku mniej znane dzie\u0142a literatury francuskiej XVII wieku<\/p>\n\n\n\n<p class=\"wp-block-paragraph\"><\/p>\n\n\n\n<p class=\"wp-block-paragraph\">odbywa si\u0119 normalnie zgodnie z planem o 8h00<\/p>\n\n\n\n<figure class=\"wp-block-table\"><table><tbody><tr><td>08:00-09:30&nbsp;<\/td><td>6&nbsp;<\/td><td>Konwersatorium literaturoznawcze: Znane i&nbsp;mniej znane dzie\u0142a&nbsp;literatury francuskiej&nbsp;XVII wieku&nbsp;<\/td><td>prof. M. Malinowska&nbsp;<\/td><td>3.015&nbsp;<\/td><\/tr><\/tbody><\/table><\/figure>\n\n\n\n<p class=\"wp-block-paragraph\">W USOS jest b\u0142\u0105d i nie mo\u017cna si\u0119 na nie zapisa\u0107, pracujemy nad tym, niemniej wszystkie zainteresowane osoby zapraszamy na zaj\u0119cia <\/p>\n\n\n\n<p class=\"wp-block-paragraph\"><\/p>\n\n\n\n<p class=\"wp-block-paragraph\">serdecznie<\/p>\n\n\n\n<p class=\"wp-block-paragraph\">Ma\u0142gorzata Molska <\/p>\n","protected":false},"excerpt":{"rendered":"<p>Szanowni Pa\u0144stwo, jutrzejsze konwersatorium : Konwersatorium literaturoznawcze: Znane i mniej znane dzie\u0142a literatury francuskiej XVII wieku mniej znane dzie\u0142a literatury francuskiej XVII wieku odbywa si\u0119 normalnie zgodnie z planem o 8h00 08:00-09:30&nbsp; 6&nbsp; Konwersatorium literaturoznawcze: Znane i&nbsp;mniej znane dzie\u0142a&nbsp;literatury francuskiej&nbsp;XVII wieku&nbsp; prof. M. Malinowska&nbsp; 3.015&nbsp; W USOS jest b\u0142\u0105d i nie mo\u017cna si\u0119 na nie [&hellip;]<\/p>\n","protected":false},"author":4,"featured_media":0,"comment_status":"open","ping_status":"open","sticky":false,"template":"","format":"standard","meta":{"footnotes":""},"categories":[7],"tags":[],"class_list":["post-2420","post","type-post","status-publish","format-standard","hentry","category-ogloszenia-dla-studentow"],"_links":{"self":[{"href":"https:\/\/romanistyka.wn.uw.edu.pl\/index.php\/wp-json\/wp\/v2\/posts\/2420","targetHints":{"allow":["GET"]}}],"collection":[{"href":"https:\/\/romanistyka.wn.uw.edu.pl\/index.php\/wp-json\/wp\/v2\/posts"}],"about":[{"href":"https:\/\/romanistyka.wn.uw.edu.pl\/index.php\/wp-json\/wp\/v2\/types\/post"}],"author":[{"embeddable":true,"href":"https:\/\/romanistyka.wn.uw.edu.pl\/index.php\/wp-json\/wp\/v2\/users\/4"}],"replies":[{"embeddable":true,"href":"https:\/\/romanistyka.wn.uw.edu.pl\/index.php\/wp-json\/wp\/v2\/comments?post=2420"}],"version-history":[{"count":1,"href":"https:\/\/romanistyka.wn.uw.edu.pl\/index.php\/wp-json\/wp\/v2\/posts\/2420\/revisions"}],"predecessor-version":[{"id":2421,"href":"https:\/\/romanistyka.wn.uw.edu.pl\/index.php\/wp-json\/wp\/v2\/posts\/2420\/revisions\/2421"}],"wp:attachment":[{"href":"https:\/\/romanistyka.wn.uw.edu.pl\/index.php\/wp-json\/wp\/v2\/media?parent=2420"}],"wp:term":[{"taxonomy":"category","embeddable":true,"href":"https:\/\/romanistyka.wn.uw.edu.pl\/index.php\/wp-json\/wp\/v2\/categories?post=2420"},{"taxonomy":"post_tag","embeddable":true,"href":"https:\/\/romanistyka.wn.uw.edu.pl\/index.php\/wp-json\/wp\/v2\/tags?post=2420"}],"curies":[{"name":"wp","href":"https:\/\/api.w.org\/{rel}","templated":true}]}}