{"id":2416,"date":"2023-10-02T10:49:24","date_gmt":"2023-10-02T10:49:24","guid":{"rendered":"https:\/\/romanistyka.wn.uw.edu.pl\/?p=2416"},"modified":"2023-10-02T10:49:26","modified_gmt":"2023-10-02T10:49:26","slug":"polityka-przeciwdzialania-dyskryminacji-i-molestowaniu-seksualnemu-na-uw","status":"publish","type":"post","link":"https:\/\/romanistyka.wn.uw.edu.pl\/index.php\/2023\/10\/02\/polityka-przeciwdzialania-dyskryminacji-i-molestowaniu-seksualnemu-na-uw\/","title":{"rendered":"Polityka przeciwdzia\u0142ania dyskryminacji i molestowaniu seksualnemu na UW"},"content":{"rendered":"\n<p class=\"wp-block-paragraph\">Szanowni Pa\u0144stwo, <\/p>\n\n\n\n<p class=\"wp-block-paragraph\"><\/p>\n\n\n\n<p class=\"wp-block-paragraph\">poni\u017cej wiadomo\u015b\u0107 przygotowana przez prof. Juli\u0119 Kubis\u0119, pe\u0142nomocniczk\u0119 rektora ds. polityki przeciwdzia\u0142ania dyskryminacji i molestowaniu seksualnemu :<\/p>\n\n\n\n<p class=\"wp-block-paragraph\"><\/p>\n\n\n\n<p class=\"wp-block-paragraph\"><\/p>\n\n\n\n<p class=\"wp-block-paragraph\">Pos\u0142ugujesz si\u0119 innymi danymi osobowymi ni\u017c te, kt\u00f3re widniej\u0105 w USOSie? Zg\u0142o\u015b si\u0119 do opiekuna roku lub kierownika studi\u00f3w lub pe\u0142nomocnika ds. r\u00f3wno\u015bci na wydziale (<a rel=\"noreferrer noopener\" href=\"mailto:osoba.zaufania@wn.uw.edu.pl\" target=\"_blank\">osoba.zaufania@wn.uw.edu.pl<\/a>) \u2013 przeka\u017cemy prowadz\u0105cym zaj\u0119cia informacj\u0119 o imieniu i zaimkach, kt\u00f3rymi si\u0119 pos\u0142ugujesz.<\/p>\n\n\n\n<p class=\"wp-block-paragraph\">EN<\/p>\n\n\n\n<p class=\"wp-block-paragraph\">Do you use personal data other than those included in USOS? Please contact the Deputy-Head for Student Affairs or the representative for equality at the faculty\u00a0(<a rel=\"noreferrer noopener\" href=\"mailto:osoba.zaufania@wn.uw.edu.pl\" target=\"_blank\">osoba.zaufania@wn.uw.edu.pl<\/a>) \u2013\u00a0we will provide the lectures with information about your name and pronouns you use.<\/p>\n\n\n\n<p class=\"wp-block-paragraph\"><\/p>\n\n\n\n<p class=\"wp-block-paragraph\">\u0141\u0105cz\u0119 pozdrowienia, <\/p>\n\n\n\n<p class=\"wp-block-paragraph\">Ma\u0142gorzata Molska <\/p>\n","protected":false},"excerpt":{"rendered":"<p>Szanowni Pa\u0144stwo, poni\u017cej wiadomo\u015b\u0107 przygotowana przez prof. Juli\u0119 Kubis\u0119, pe\u0142nomocniczk\u0119 rektora ds. polityki przeciwdzia\u0142ania dyskryminacji i molestowaniu seksualnemu : Pos\u0142ugujesz si\u0119 innymi danymi osobowymi ni\u017c te, kt\u00f3re widniej\u0105 w USOSie? Zg\u0142o\u015b si\u0119 do opiekuna roku lub kierownika studi\u00f3w lub pe\u0142nomocnika ds. r\u00f3wno\u015bci na wydziale (osoba.zaufania@wn.uw.edu.pl) \u2013 przeka\u017cemy prowadz\u0105cym zaj\u0119cia informacj\u0119 o imieniu i zaimkach, kt\u00f3rymi [&hellip;]<\/p>\n","protected":false},"author":4,"featured_media":0,"comment_status":"open","ping_status":"open","sticky":false,"template":"","format":"standard","meta":{"footnotes":""},"categories":[7],"tags":[],"class_list":["post-2416","post","type-post","status-publish","format-standard","hentry","category-ogloszenia-dla-studentow"],"_links":{"self":[{"href":"https:\/\/romanistyka.wn.uw.edu.pl\/index.php\/wp-json\/wp\/v2\/posts\/2416","targetHints":{"allow":["GET"]}}],"collection":[{"href":"https:\/\/romanistyka.wn.uw.edu.pl\/index.php\/wp-json\/wp\/v2\/posts"}],"about":[{"href":"https:\/\/romanistyka.wn.uw.edu.pl\/index.php\/wp-json\/wp\/v2\/types\/post"}],"author":[{"embeddable":true,"href":"https:\/\/romanistyka.wn.uw.edu.pl\/index.php\/wp-json\/wp\/v2\/users\/4"}],"replies":[{"embeddable":true,"href":"https:\/\/romanistyka.wn.uw.edu.pl\/index.php\/wp-json\/wp\/v2\/comments?post=2416"}],"version-history":[{"count":1,"href":"https:\/\/romanistyka.wn.uw.edu.pl\/index.php\/wp-json\/wp\/v2\/posts\/2416\/revisions"}],"predecessor-version":[{"id":2417,"href":"https:\/\/romanistyka.wn.uw.edu.pl\/index.php\/wp-json\/wp\/v2\/posts\/2416\/revisions\/2417"}],"wp:attachment":[{"href":"https:\/\/romanistyka.wn.uw.edu.pl\/index.php\/wp-json\/wp\/v2\/media?parent=2416"}],"wp:term":[{"taxonomy":"category","embeddable":true,"href":"https:\/\/romanistyka.wn.uw.edu.pl\/index.php\/wp-json\/wp\/v2\/categories?post=2416"},{"taxonomy":"post_tag","embeddable":true,"href":"https:\/\/romanistyka.wn.uw.edu.pl\/index.php\/wp-json\/wp\/v2\/tags?post=2416"}],"curies":[{"name":"wp","href":"https:\/\/api.w.org\/{rel}","templated":true}]}}