{"id":2365,"date":"2023-09-28T23:58:14","date_gmt":"2023-09-28T23:58:14","guid":{"rendered":"https:\/\/romanistyka.wn.uw.edu.pl\/?p=2365"},"modified":"2023-09-29T00:00:48","modified_gmt":"2023-09-29T00:00:48","slug":"niezbednik-gramatyczny-i-rok-p","status":"publish","type":"post","link":"https:\/\/romanistyka.wn.uw.edu.pl\/index.php\/2023\/09\/28\/niezbednik-gramatyczny-i-rok-p\/","title":{"rendered":"Niezb\u0119dnik gramatyczny &#8211; I rok &#8222;p&#8221;"},"content":{"rendered":"\n<p class=\"wp-block-paragraph\">Szanowni Pa\u0144stwo,<\/p>\n\n\n\n<p class=\"wp-block-paragraph\">&#8222;Niezb\u0119dnik gramatyczny&#8221; to zaj\u0119cia obowi\u0105zkowe jedynie dla student\u00f3w grup &#8222;p&#8221;; b\u0119d\u0105 mia\u0142y form\u0119 kr\u00f3tkich podcast\u00f3w zamieszczanych na platformie internetowej (do ods\u0142uchania w dowolnym momencie &#8211; termin zaj\u0119\u0107 wpisany USOSie, tj. wtorek 18.30 b\u0119dzie terminem mojego dy\u017curu online, dy\u017cury te zaczn\u0105 si\u0119 od 17.10) + \u0107wiczenia do samodzielnego wykonania na tej\u017ce platformie. Po obszerniejsze wiadomo\u015bci zapraszam na pierwszy wyk\u0142ad z fonetyki (5.10 godz. 15.00 s.3.014). <\/p>\n\n\n\n<p class=\"wp-block-paragraph\">Do zobaczenia!<\/p>\n\n\n\n<p class=\"wp-block-paragraph\">Ewa Pilecka <\/p>\n\n\n\n<p class=\"wp-block-paragraph\"><\/p>\n","protected":false},"excerpt":{"rendered":"<p>Szanowni Pa\u0144stwo, &#8222;Niezb\u0119dnik gramatyczny&#8221; to zaj\u0119cia obowi\u0105zkowe jedynie dla student\u00f3w grup &#8222;p&#8221;; b\u0119d\u0105 mia\u0142y form\u0119 kr\u00f3tkich podcast\u00f3w zamieszczanych na platformie internetowej (do ods\u0142uchania w dowolnym momencie &#8211; termin zaj\u0119\u0107 wpisany USOSie, tj. wtorek 18.30 b\u0119dzie terminem mojego dy\u017curu online, dy\u017cury te zaczn\u0105 si\u0119 od 17.10) + \u0107wiczenia do samodzielnego wykonania na tej\u017ce platformie. Po obszerniejsze [&hellip;]<\/p>\n","protected":false},"author":6,"featured_media":0,"comment_status":"open","ping_status":"open","sticky":false,"template":"","format":"standard","meta":{"footnotes":""},"categories":[15,7],"tags":[],"class_list":["post-2365","post","type-post","status-publish","format-standard","hentry","category-bez-kategorii-pl","category-ogloszenia-dla-studentow"],"_links":{"self":[{"href":"https:\/\/romanistyka.wn.uw.edu.pl\/index.php\/wp-json\/wp\/v2\/posts\/2365","targetHints":{"allow":["GET"]}}],"collection":[{"href":"https:\/\/romanistyka.wn.uw.edu.pl\/index.php\/wp-json\/wp\/v2\/posts"}],"about":[{"href":"https:\/\/romanistyka.wn.uw.edu.pl\/index.php\/wp-json\/wp\/v2\/types\/post"}],"author":[{"embeddable":true,"href":"https:\/\/romanistyka.wn.uw.edu.pl\/index.php\/wp-json\/wp\/v2\/users\/6"}],"replies":[{"embeddable":true,"href":"https:\/\/romanistyka.wn.uw.edu.pl\/index.php\/wp-json\/wp\/v2\/comments?post=2365"}],"version-history":[{"count":1,"href":"https:\/\/romanistyka.wn.uw.edu.pl\/index.php\/wp-json\/wp\/v2\/posts\/2365\/revisions"}],"predecessor-version":[{"id":2366,"href":"https:\/\/romanistyka.wn.uw.edu.pl\/index.php\/wp-json\/wp\/v2\/posts\/2365\/revisions\/2366"}],"wp:attachment":[{"href":"https:\/\/romanistyka.wn.uw.edu.pl\/index.php\/wp-json\/wp\/v2\/media?parent=2365"}],"wp:term":[{"taxonomy":"category","embeddable":true,"href":"https:\/\/romanistyka.wn.uw.edu.pl\/index.php\/wp-json\/wp\/v2\/categories?post=2365"},{"taxonomy":"post_tag","embeddable":true,"href":"https:\/\/romanistyka.wn.uw.edu.pl\/index.php\/wp-json\/wp\/v2\/tags?post=2365"}],"curies":[{"name":"wp","href":"https:\/\/api.w.org\/{rel}","templated":true}]}}