{"id":2345,"date":"2023-09-28T19:00:29","date_gmt":"2023-09-28T19:00:29","guid":{"rendered":"https:\/\/romanistyka.wn.uw.edu.pl\/?p=2345"},"modified":"2023-09-28T20:09:05","modified_gmt":"2023-09-28T20:09:05","slug":"pilne-i-rok-zmiany-w-planie","status":"publish","type":"post","link":"https:\/\/romanistyka.wn.uw.edu.pl\/index.php\/2023\/09\/28\/pilne-i-rok-zmiany-w-planie\/","title":{"rendered":"!!! PILNE !!! I rok zmiany w planie"},"content":{"rendered":"\n<p class=\"wp-block-paragraph\">Szanowni Pa\u0144stwo, <\/p>\n\n\n\n<p class=\"wp-block-paragraph\"><\/p>\n\n\n\n<p class=\"wp-block-paragraph\">po dzisiejszym te\u015bcie poziomuj\u0105cym, jeste\u015bmy zmuszeni zamkn\u0105\u0107 grupy na \u015bcie\u017cce &#8222;z&#8221;  PNJF (czyli jedna grupa Kompetencji zintegrowanych i jedna grupa Gramatyki stosowanej zosta\u0142y zamkni\u0119te) i otworzy\u0107 dodatkowe na \u015bcie\u017cce &#8222;p&#8221; &#8211; na zielono na planie<\/p>\n\n\n\n<p class=\"wp-block-paragraph\"><\/p>\n\n\n\n<p class=\"wp-block-paragraph\">Prosz\u0119 zapozna\u0107 si\u0119 z nowym planem.<\/p>\n\n\n\n<p class=\"wp-block-paragraph\">Zmiany zostan\u0105 naniesione dzi\u015b w systemie, wi\u0119c rejestracje rusz\u0105 zgodnie z planem.<\/p>\n\n\n\n<p class=\"wp-block-paragraph\"><\/p>\n\n\n\n<p class=\"wp-block-paragraph\">Serdecznie<\/p>\n\n\n\n<p class=\"wp-block-paragraph\">Ma\u0142gorzata Molska <\/p>\n\n\n\n<p class=\"wp-block-paragraph\"><\/p>\n\n\n\n<p class=\"wp-block-paragraph\">NOWY PLAN:<\/p>\n\n\n\n<div data-wp-interactive=\"core\/file\" class=\"wp-block-file\"><object data-wp-bind--hidden=\"!state.hasPdfPreview\" hidden class=\"wp-block-file__embed\" data=\"https:\/\/romanistyka.wn.uw.edu.pl\/wp-content\/uploads\/2023\/09\/nowyPlan-zajec-dla-studiow-dziennych-i-wieczorowych.-Semestr-zimowy-2023-2024-3.pdf\" type=\"application\/pdf\" style=\"width:100%;height:600px\" aria-label=\"Osadzone z nowyPlan-zajec-dla-studiow-dziennych-i-wieczorowych.-Semestr-zimowy-2023-2024-3.\"><\/object><a id=\"wp-block-file--media-10f7ad4d-86ec-4750-9de2-0dc720c62bc2\" href=\"https:\/\/romanistyka.wn.uw.edu.pl\/wp-content\/uploads\/2023\/09\/nowyPlan-zajec-dla-studiow-dziennych-i-wieczorowych.-Semestr-zimowy-2023-2024-3.pdf\">nowyPlan-zajec-dla-studiow-dziennych-i-wieczorowych.-Semestr-zimowy-2023-2024-3<\/a><a href=\"https:\/\/romanistyka.wn.uw.edu.pl\/wp-content\/uploads\/2023\/09\/nowyPlan-zajec-dla-studiow-dziennych-i-wieczorowych.-Semestr-zimowy-2023-2024-3.pdf\" class=\"wp-block-file__button wp-element-button\" download aria-describedby=\"wp-block-file--media-10f7ad4d-86ec-4750-9de2-0dc720c62bc2\">Pobierz<\/a><\/div>\n","protected":false},"excerpt":{"rendered":"<p>Szanowni Pa\u0144stwo, po dzisiejszym te\u015bcie poziomuj\u0105cym, jeste\u015bmy zmuszeni zamkn\u0105\u0107 grupy na \u015bcie\u017cce &#8222;z&#8221; PNJF (czyli jedna grupa Kompetencji zintegrowanych i jedna grupa Gramatyki stosowanej zosta\u0142y zamkni\u0119te) i otworzy\u0107 dodatkowe na \u015bcie\u017cce &#8222;p&#8221; &#8211; na zielono na planie Prosz\u0119 zapozna\u0107 si\u0119 z nowym planem. Zmiany zostan\u0105 naniesione dzi\u015b w systemie, wi\u0119c rejestracje rusz\u0105 zgodnie z planem. [&hellip;]<\/p>\n","protected":false},"author":4,"featured_media":0,"comment_status":"open","ping_status":"open","sticky":false,"template":"","format":"standard","meta":{"footnotes":""},"categories":[7],"tags":[],"class_list":["post-2345","post","type-post","status-publish","format-standard","hentry","category-ogloszenia-dla-studentow"],"_links":{"self":[{"href":"https:\/\/romanistyka.wn.uw.edu.pl\/index.php\/wp-json\/wp\/v2\/posts\/2345","targetHints":{"allow":["GET"]}}],"collection":[{"href":"https:\/\/romanistyka.wn.uw.edu.pl\/index.php\/wp-json\/wp\/v2\/posts"}],"about":[{"href":"https:\/\/romanistyka.wn.uw.edu.pl\/index.php\/wp-json\/wp\/v2\/types\/post"}],"author":[{"embeddable":true,"href":"https:\/\/romanistyka.wn.uw.edu.pl\/index.php\/wp-json\/wp\/v2\/users\/4"}],"replies":[{"embeddable":true,"href":"https:\/\/romanistyka.wn.uw.edu.pl\/index.php\/wp-json\/wp\/v2\/comments?post=2345"}],"version-history":[{"count":2,"href":"https:\/\/romanistyka.wn.uw.edu.pl\/index.php\/wp-json\/wp\/v2\/posts\/2345\/revisions"}],"predecessor-version":[{"id":2364,"href":"https:\/\/romanistyka.wn.uw.edu.pl\/index.php\/wp-json\/wp\/v2\/posts\/2345\/revisions\/2364"}],"wp:attachment":[{"href":"https:\/\/romanistyka.wn.uw.edu.pl\/index.php\/wp-json\/wp\/v2\/media?parent=2345"}],"wp:term":[{"taxonomy":"category","embeddable":true,"href":"https:\/\/romanistyka.wn.uw.edu.pl\/index.php\/wp-json\/wp\/v2\/categories?post=2345"},{"taxonomy":"post_tag","embeddable":true,"href":"https:\/\/romanistyka.wn.uw.edu.pl\/index.php\/wp-json\/wp\/v2\/tags?post=2345"}],"curies":[{"name":"wp","href":"https:\/\/api.w.org\/{rel}","templated":true}]}}