{"id":2151,"date":"2023-09-22T08:59:15","date_gmt":"2023-09-22T08:59:15","guid":{"rendered":"https:\/\/romanistyka.wn.uw.edu.pl\/?p=2151"},"modified":"2023-09-22T08:59:16","modified_gmt":"2023-09-22T08:59:16","slug":"2-pazdziernika-2023-dzien-dziekanski","status":"publish","type":"post","link":"https:\/\/romanistyka.wn.uw.edu.pl\/index.php\/2023\/09\/22\/2-pazdziernika-2023-dzien-dziekanski\/","title":{"rendered":"2 pa\u017adziernika 2023 &#8211; dzie\u0144 dzieka\u0144ski"},"content":{"rendered":"\n<p class=\"wp-block-paragraph\">Szanowni Pa\u0144stwo, <\/p>\n\n\n\n<p class=\"wp-block-paragraph\"><\/p>\n\n\n\n<p class=\"wp-block-paragraph\">zgodnie z zarz\u0105dzeniem KJD, 2 pa\u017adziernika 2023 roku jest dniem dzieka\u0144skim na Wydziale Neofilologii.<\/p>\n\n\n\n<p class=\"wp-block-paragraph\">Zaj\u0119cia dydaktyczne zaczynaj\u0105 si\u0119 3 pa\u017adziernika.<\/p>\n\n\n\n<p class=\"wp-block-paragraph\"><\/p>\n\n\n\n<p class=\"wp-block-paragraph\">serdecznie<\/p>\n\n\n\n<p class=\"wp-block-paragraph\">Ma\u0142gorzata Molska <\/p>\n\n\n\n<p class=\"wp-block-paragraph\"><\/p>\n\n\n\n<div data-wp-interactive=\"core\/file\" class=\"wp-block-file\"><object data-wp-bind--hidden=\"!state.hasPdfPreview\" hidden class=\"wp-block-file__embed\" data=\"https:\/\/romanistyka.wn.uw.edu.pl\/wp-content\/uploads\/2023\/09\/DWNeofilologia.2023.45.ZKJD_.7.pdf\" type=\"application\/pdf\" style=\"width:100%;height:600px\" aria-label=\"Osadzone z DWNeofilologia.2023.45.ZKJD_.7.\"><\/object><a id=\"wp-block-file--media-d57adeb1-9189-4429-a270-ae425af06bf4\" href=\"https:\/\/romanistyka.wn.uw.edu.pl\/wp-content\/uploads\/2023\/09\/DWNeofilologia.2023.45.ZKJD_.7.pdf\">DWNeofilologia.2023.45.ZKJD_.7<\/a><a href=\"https:\/\/romanistyka.wn.uw.edu.pl\/wp-content\/uploads\/2023\/09\/DWNeofilologia.2023.45.ZKJD_.7.pdf\" class=\"wp-block-file__button wp-element-button\" download aria-describedby=\"wp-block-file--media-d57adeb1-9189-4429-a270-ae425af06bf4\">Pobierz<\/a><\/div>\n","protected":false},"excerpt":{"rendered":"<p>Szanowni Pa\u0144stwo, zgodnie z zarz\u0105dzeniem KJD, 2 pa\u017adziernika 2023 roku jest dniem dzieka\u0144skim na Wydziale Neofilologii. Zaj\u0119cia dydaktyczne zaczynaj\u0105 si\u0119 3 pa\u017adziernika. serdecznie Ma\u0142gorzata Molska<\/p>\n","protected":false},"author":4,"featured_media":0,"comment_status":"open","ping_status":"open","sticky":false,"template":"","format":"standard","meta":{"footnotes":""},"categories":[6,7],"tags":[],"class_list":["post-2151","post","type-post","status-publish","format-standard","hentry","category-ogloszenia-dla-pracownikow","category-ogloszenia-dla-studentow"],"_links":{"self":[{"href":"https:\/\/romanistyka.wn.uw.edu.pl\/index.php\/wp-json\/wp\/v2\/posts\/2151","targetHints":{"allow":["GET"]}}],"collection":[{"href":"https:\/\/romanistyka.wn.uw.edu.pl\/index.php\/wp-json\/wp\/v2\/posts"}],"about":[{"href":"https:\/\/romanistyka.wn.uw.edu.pl\/index.php\/wp-json\/wp\/v2\/types\/post"}],"author":[{"embeddable":true,"href":"https:\/\/romanistyka.wn.uw.edu.pl\/index.php\/wp-json\/wp\/v2\/users\/4"}],"replies":[{"embeddable":true,"href":"https:\/\/romanistyka.wn.uw.edu.pl\/index.php\/wp-json\/wp\/v2\/comments?post=2151"}],"version-history":[{"count":1,"href":"https:\/\/romanistyka.wn.uw.edu.pl\/index.php\/wp-json\/wp\/v2\/posts\/2151\/revisions"}],"predecessor-version":[{"id":2153,"href":"https:\/\/romanistyka.wn.uw.edu.pl\/index.php\/wp-json\/wp\/v2\/posts\/2151\/revisions\/2153"}],"wp:attachment":[{"href":"https:\/\/romanistyka.wn.uw.edu.pl\/index.php\/wp-json\/wp\/v2\/media?parent=2151"}],"wp:term":[{"taxonomy":"category","embeddable":true,"href":"https:\/\/romanistyka.wn.uw.edu.pl\/index.php\/wp-json\/wp\/v2\/categories?post=2151"},{"taxonomy":"post_tag","embeddable":true,"href":"https:\/\/romanistyka.wn.uw.edu.pl\/index.php\/wp-json\/wp\/v2\/tags?post=2151"}],"curies":[{"name":"wp","href":"https:\/\/api.w.org\/{rel}","templated":true}]}}