{"id":2124,"date":"2023-09-21T19:46:40","date_gmt":"2023-09-21T19:46:40","guid":{"rendered":"https:\/\/romanistyka.wn.uw.edu.pl\/?p=2124"},"modified":"2023-09-25T18:19:38","modified_gmt":"2023-09-25T18:19:38","slug":"inauguracja-roku-akademickiego-2023-2024-dzien-adaptacyjny","status":"publish","type":"post","link":"https:\/\/romanistyka.wn.uw.edu.pl\/index.php\/2023\/09\/21\/inauguracja-roku-akademickiego-2023-2024-dzien-adaptacyjny\/","title":{"rendered":"Inauguracja Roku Akademickiego 2023\/2024 &amp; Dzie\u0144 Adaptacyjny"},"content":{"rendered":"\n<p class=\"wp-block-paragraph\">Drogie Studentki, Drodzy Studenci!<br>Gratulujemy wynik\u00f3w tegorocznej rekrutacji! Cieszymy si\u0119, ze do\u0142\u0105czycie do grona student\u00f3w Wydzia\u0142u Neofilologii Uniwersytetu Warszawskiego.<br>Mamy nadziej\u0119, ze najbli\u017csze lata oka\u017c\u0105 si\u0119 dla Was czasem pe\u0142nym motywuj\u0105cych wyzwa\u0144, anga\u017cuj\u0105cych projekt\u00f3w i wzbogacaj\u0105cych  do\u015bwiadcze\u0144.<\/p>\n\n\n\n<p class=\"wp-block-paragraph\"><\/p>\n\n\n\n<p class=\"wp-block-paragraph\"><a href=\"https:\/\/romanistyka.wn.uw.edu.pl\/wp-content\/uploads\/2023\/09\/informator_1_rok.pdf\">Kr\u00f3tki informator dla student\u00f3w zaczynaj\u0105cych nauk\u0119 w r.a. 2023\/2024<\/a><\/p>\n\n\n\n<p class=\"wp-block-paragraph\"><\/p>\n\n\n\n<p class=\"wp-block-paragraph\">W Instytucie Romanistyki organizujemy dzie\u0144 adaptacyjny zgodnie z informacjami uzyskanymi od Komisji rekrutacyjnej : <\/p>\n\n\n\n<p class=\"wp-block-paragraph\"><strong>28 wrze\u015bnia 2023 &#8211; studenci studi\u00f3w licencjackich<\/strong><\/p>\n\n\n\n<p class=\"wp-block-paragraph\"><strong>29 wrze\u015bnia 2023 &#8211; studenci studi\u00f3w magisterskich<\/strong><\/p>\n\n\n\n<p class=\"wp-block-paragraph\"><\/p>\n\n\n\n<p class=\"wp-block-paragraph\"><\/p>\n\n\n\n<p class=\"wp-block-paragraph\"><strong>28 wrze\u015bnia 2023, Dobra 55, I pi\u0119tro, aula 1.007<\/strong> &#8211; obok wind na I pi\u0119trze, wej\u015bcie od ul. Dobrej<\/p>\n\n\n\n<p class=\"wp-block-paragraph\"><strong>godz. 10h00 (11h00, dla os\u00f3b zaczynaj\u0105cych nauk\u0119 j\u0119zyka francuskiego od zera)<\/strong><\/p>\n\n\n\n<p class=\"wp-block-paragraph\"><\/p>\n\n\n\n<p class=\"wp-block-paragraph\">10-11h00&nbsp; test poziomuj\u0105cy ( dla student\u00f3w znaj\u0105cych j\u0119zyk francuski&nbsp;)<\/p>\n\n\n\n<p class=\"wp-block-paragraph\">11h00-12h30<\/p>\n\n\n\n<p class=\"wp-block-paragraph\">Dzie\u0144 adaptacyjny dla student\u00f3w I roku studi\u00f3w licencjackich ( wszyscy)<\/p>\n\n\n\n<p class=\"wp-block-paragraph\">\u015alubowanie<\/p>\n\n\n\n<p class=\"wp-block-paragraph\">Legitymacje<\/p>\n\n\n\n<p class=\"wp-block-paragraph\">Informacje dotycz\u0105ce toku studi\u00f3w&nbsp;<\/p>\n\n\n\n<p class=\"wp-block-paragraph\">prezentacja profilu metodycznego<\/p>\n\n\n\n<p class=\"wp-block-paragraph\">Spotkanie z opiekunem 1 roku<\/p>\n\n\n\n<p class=\"wp-block-paragraph\"><\/p>\n\n\n\n<p class=\"wp-block-paragraph\"><\/p>\n\n\n\n<p class=\"wp-block-paragraph\"><strong>29 wrze\u015bnia 2023, Dobra 55, III pi\u0119tro, 3.014<\/strong><\/p>\n\n\n\n<p class=\"wp-block-paragraph\"><strong>godz 13h30-14h30&nbsp; 3.014&nbsp;<\/strong><\/p>\n\n\n\n<p class=\"wp-block-paragraph\">Dzie\u0144 adaptacyjny dla student\u00f3w I roku studi\u00f3w magisterskich<\/p>\n\n\n\n<p class=\"wp-block-paragraph\">prezentacja profilu metodycznego\/przek\u0142adowego&nbsp;<\/p>\n\n\n\n<p class=\"wp-block-paragraph\">Informacje dotycz\u0105ce toku studi\u00f3w&nbsp;<\/p>\n\n\n\n<p class=\"wp-block-paragraph\">Spotkanie z opiekunem 1 roku<\/p>\n\n\n\n<p class=\"wp-block-paragraph\"><\/p>\n\n\n\n<p class=\"wp-block-paragraph\">Rekrutacja na profil przek\u0142adowy 15h00-16h30 (Termin sk\u0142adania poda\u0144: do 28.09 (godz. 12.00) : w.kroker@uw.edu.pl<\/p>\n\n\n\n<p class=\"wp-block-paragraph\"><\/p>\n\n\n\n<p class=\"wp-block-paragraph\"><br>(wszyscy studenci )<strong>Wydzia\u0142owy Dzie\u0144 Adaptacyjny : 29 wrze\u015bnia 2023<\/strong> &#8211; 10h00-13h00<\/p>\n\n\n\n<p class=\"wp-block-paragraph\"><\/p>\n\n\n\n<ul class=\"wp-block-list\">\n<li>uroczysta inauguracja roku akademickiego 2023\/2024 &#8211; tzw. \u017c\u00f3\u0142te schody, wej\u015bcie od ul. Browarnej<\/li>\n\n\n\n<li>informacje dotycz\u0105ce kierunk\u00f3w studi\u00f3w<\/li>\n\n\n\n<li> spotkanie z Zespo\u0142em Dzieka\u0144skim oraz przedstawicielami Samorz\u0105du Student\u00f3w WN UW &#8211; aula 1.007 (obok wind na I pi\u0119trze, wej\u015bcie od ul. Dobrej)<br><\/li>\n<\/ul>\n\n\n\n<p class=\"wp-block-paragraph\">Do zobaczenia za tydzie\u0144!<\/p>\n\n\n\n<p class=\"wp-block-paragraph\"><\/p>\n\n\n\n<p class=\"wp-block-paragraph\">Serdecznie<\/p>\n\n\n\n<p class=\"wp-block-paragraph\">Ma\u0142gorzata Molska<\/p>\n\n\n\n<p class=\"wp-block-paragraph\">Kierownik studi\u00f3w<\/p>\n","protected":false},"excerpt":{"rendered":"<p>Drogie Studentki, Drodzy Studenci!Gratulujemy wynik\u00f3w tegorocznej rekrutacji! Cieszymy si\u0119, ze do\u0142\u0105czycie do grona student\u00f3w Wydzia\u0142u Neofilologii Uniwersytetu Warszawskiego.Mamy nadziej\u0119, ze najbli\u017csze lata oka\u017c\u0105 si\u0119 dla Was czasem pe\u0142nym motywuj\u0105cych wyzwa\u0144, anga\u017cuj\u0105cych projekt\u00f3w i wzbogacaj\u0105cych do\u015bwiadcze\u0144. Kr\u00f3tki informator dla student\u00f3w zaczynaj\u0105cych nauk\u0119 w r.a. 2023\/2024 W Instytucie Romanistyki organizujemy dzie\u0144 adaptacyjny zgodnie z informacjami uzyskanymi od [&hellip;]<\/p>\n","protected":false},"author":4,"featured_media":0,"comment_status":"open","ping_status":"open","sticky":false,"template":"","format":"standard","meta":{"footnotes":""},"categories":[7],"tags":[],"class_list":["post-2124","post","type-post","status-publish","format-standard","hentry","category-ogloszenia-dla-studentow"],"_links":{"self":[{"href":"https:\/\/romanistyka.wn.uw.edu.pl\/index.php\/wp-json\/wp\/v2\/posts\/2124","targetHints":{"allow":["GET"]}}],"collection":[{"href":"https:\/\/romanistyka.wn.uw.edu.pl\/index.php\/wp-json\/wp\/v2\/posts"}],"about":[{"href":"https:\/\/romanistyka.wn.uw.edu.pl\/index.php\/wp-json\/wp\/v2\/types\/post"}],"author":[{"embeddable":true,"href":"https:\/\/romanistyka.wn.uw.edu.pl\/index.php\/wp-json\/wp\/v2\/users\/4"}],"replies":[{"embeddable":true,"href":"https:\/\/romanistyka.wn.uw.edu.pl\/index.php\/wp-json\/wp\/v2\/comments?post=2124"}],"version-history":[{"count":5,"href":"https:\/\/romanistyka.wn.uw.edu.pl\/index.php\/wp-json\/wp\/v2\/posts\/2124\/revisions"}],"predecessor-version":[{"id":2214,"href":"https:\/\/romanistyka.wn.uw.edu.pl\/index.php\/wp-json\/wp\/v2\/posts\/2124\/revisions\/2214"}],"wp:attachment":[{"href":"https:\/\/romanistyka.wn.uw.edu.pl\/index.php\/wp-json\/wp\/v2\/media?parent=2124"}],"wp:term":[{"taxonomy":"category","embeddable":true,"href":"https:\/\/romanistyka.wn.uw.edu.pl\/index.php\/wp-json\/wp\/v2\/categories?post=2124"},{"taxonomy":"post_tag","embeddable":true,"href":"https:\/\/romanistyka.wn.uw.edu.pl\/index.php\/wp-json\/wp\/v2\/tags?post=2124"}],"curies":[{"name":"wp","href":"https:\/\/api.w.org\/{rel}","templated":true}]}}