{"id":2114,"date":"2023-09-21T18:21:48","date_gmt":"2023-09-21T18:21:48","guid":{"rendered":"https:\/\/romanistyka.wn.uw.edu.pl\/?p=2114"},"modified":"2025-05-16T20:50:35","modified_gmt":"2025-05-16T20:50:35","slug":"festiwal-nauki-w-warszawie-2023","status":"publish","type":"post","link":"https:\/\/romanistyka.wn.uw.edu.pl\/index.php\/2023\/09\/21\/festiwal-nauki-w-warszawie-2023\/","title":{"rendered":"Festiwal Nauki w Warszawie 2023"},"content":{"rendered":"\n<h5 class=\"wp-block-heading\"><strong>15 wrze\u015bnia rozpocz\u0105\u0142 si\u0119 tegoroczny Festiwal Nauki w stolicy. Uniwersytet Warszawski \u2013&nbsp;jeden ze wsp\u00f3\u0142za\u0142o\u017cycieli wydarzenia \u2013&nbsp;jak co roku organizuje szereg spotka\u0144, wyk\u0142ad\u00f3w i warsztat\u00f3w. W\u015br\u00f3d nich s\u0105 m.in.: debata o wsp\u00f3\u0142czesnych \u015brodkach przekazu, praktyczne zaj\u0119cia z krystalizacji bia\u0142ka, filozoficzne kalambury, pokaz sond kosmicznych czy zwiedzanie katakumb Pa\u0142acu Staszica.<\/strong><\/h5>\n\n\n\n<p class=\"wp-block-paragraph\">To ju\u017c 27. edycja Festiwalu Nauki w Warszawie \u2013 wydarzenia o charakterze popularnonaukowym, w kt\u00f3rym udzia\u0142 wzi\u0105\u0107 mo\u017ce ka\u017cdy zainteresowany tematyk\u0105 wielu oferowanych w programie spotka\u0144, lekcji, gier edukacyjnych czy wystaw. Spotkania poprowadz\u0105 naukowcy z licznych uczelni, instytucji i o\u015brodk\u00f3w naukowych. Organizatorami wydarzenia s\u0105: Uniwersytet Warszawski, Politechnika Warszawska, Warszawski Uniwersytet Medyczny, Uniwersytet Kardyna\u0142a Stefana Wyszy\u0144skiego, Szko\u0142a G\u0142\u00f3wna Handlowa, Szko\u0142a G\u0142\u00f3wna Gospodarstwa Wiejskiego, Uniwersytet SWPS oraz Akademia Leona Ko\u017ami\u0144skiego.<\/p>\n\n\n\n<p class=\"wp-block-paragraph\">Wydarzenie potrwa od 15 do 29 wrze\u015bnia, a jego has\u0142o przewodnie brzmi: \u201eNauka to podr\u00f3\u017c w przysz\u0142o\u015b\u0107\u201d. Program podzielony jest na trzy cz\u0119\u015bci: lekcje, spotkania oraz wystawy. Niekt\u00f3re z dw\u00f3ch pierwszych odb\u0119d\u0105 si\u0119 w formie online.<\/p>\n\n\n\n<p class=\"wp-block-paragraph\">Przewodnicz\u0105c\u0105 Rady Programowej&nbsp;Festiwalu Nauki w Warszawie jest prof. Joanna Jurewicz z Wydzia\u0142u Orientalistycznego UW, a dyrektork\u0105 dr Zuzanna Toeplitz z Wydzia\u0142u Psychologii UW.<\/p>\n\n\n\n<h5 class=\"wp-block-heading\">O nauce w prostych s\u0142owach<\/h5>\n\n\n\n<p class=\"wp-block-paragraph\">Festiwal Nauki od lat prezentuje prac\u0119 naukowc\u00f3w, wyniki i metody ich bada\u0144, a tak\u017ce osi\u0105gni\u0119cia w ramach r\u00f3\u017cnych dyscyplin naukowych \u2013 od fizyki, poprzez biologi\u0119, archeologi\u0119, po filozofi\u0119 czy histori\u0119 sztuki.<\/p>\n\n\n\n<blockquote class=\"wp-block-quote is-layout-flow wp-block-quote-is-layout-flow\">\n<p class=\"wp-block-paragraph\">Festiwal&nbsp; jest&nbsp; g\u0142osem&nbsp; naukowc\u00f3w&nbsp; przekonanych,&nbsp; \u017ce&nbsp; o&nbsp;wsp\u00f3\u0142czesnej nauce nale\u017cy rozmawia\u0107 ze spo\u0142ecze\u0144stwem, udost\u0119pnia\u0107&nbsp; wiedz\u0119&nbsp; i&nbsp; najnowsze&nbsp; odkrycia,&nbsp; r\u00f3wnie\u017c,&nbsp; by zyskiwa\u0107 poparcie&nbsp; spo\u0142eczne&nbsp; dla&nbsp; dalszego&nbsp; rozwoju nauki&nbsp; w&nbsp; Polsce.&nbsp; Finansowanie&nbsp; bud\u017cetowe&nbsp; nauki&nbsp; by\u0142o i jest&nbsp; niskie, jest&nbsp; w&nbsp; nim&nbsp; wci\u0105\u017c&nbsp; zbyt&nbsp; niski&nbsp; wk\u0142ad&nbsp; funduszy prywatnych&nbsp; przedsi\u0119biorc\u00f3w&nbsp; i&nbsp; korporacji.&nbsp; St\u0105d&nbsp; nasze niezmienne od pocz\u0105tku has\u0142o: \u201eBrak inwestycji w&nbsp;nauk\u0119 jest inwestycj\u0105 w&nbsp;ignorancj\u0119\u201d \u2013&nbsp;pisz\u0105 organizatorzy&nbsp;<a href=\"https:\/\/festiwalnauki.edu.pl\/o-nas\">na stronie Festiwalu<\/a>.<\/p>\n<\/blockquote>\n\n\n\n<p class=\"wp-block-paragraph\">Wydarzenia realizowane podczas Festiwalu odbywaj\u0105 si\u0119 tam, gdzie pracuje si\u0119 naukowo: w pracowniach, laboratoriach, salach seminaryjnych i do\u015bwiadczalnych.<\/p>\n\n\n\n<p class=\"wp-block-paragraph\">Na lekcje festiwalowe obowi\u0105zuj\u0105 zapisy poprzez stron\u0119 internetow\u0105 Festiwalu Nauki, a przy wybranych spotkaniach widnieje informacja, pod jakim adresem mo\u017cna si\u0119 zapisa\u0107 (brak informacji o zapisach oznacza, \u017ce nie obowi\u0105zuj\u0105). Lekcje w ramach Festiwalu kierowane s\u0105 do uczni\u00f3w szk\u00f3\u0142 podstawowych i \u015brednich, przede wszystkim znajduj\u0105cych si\u0119 w Warszawie.<\/p>\n\n\n\n<p class=\"wp-block-paragraph\"><\/p>\n\n\n\n<p class=\"wp-block-paragraph\">Zapraszamy!<\/p>\n\n\n\n<figure class=\"wp-block-embed is-type-wp-embed is-provider-uniwersytet-warszawski wp-block-embed-uniwersytet-warszawski\"><div class=\"wp-block-embed__wrapper\">\n<blockquote class=\"wp-embedded-content\" data-secret=\"nQyqj22tkF\"><a href=\"https:\/\/www.uw.edu.pl\/festiwal-nauki-w-warszawie-2023\/\">Festiwal Nauki w Warszawie 2023<\/a><\/blockquote><iframe loading=\"lazy\" class=\"wp-embedded-content\" sandbox=\"allow-scripts\" security=\"restricted\" style=\"position: absolute; clip: rect(1px, 1px, 1px, 1px);\" title=\"&#8222;Festiwal Nauki w Warszawie 2023&#8221; &#8212; Uniwersytet Warszawski\" src=\"https:\/\/www.uw.edu.pl\/festiwal-nauki-w-warszawie-2023\/embed\/#?secret=nQyqj22tkF\" data-secret=\"nQyqj22tkF\" width=\"500\" height=\"282\" frameborder=\"0\" marginwidth=\"0\" marginheight=\"0\" scrolling=\"no\"><\/iframe>\n<\/div><\/figure>\n","protected":false},"excerpt":{"rendered":"<p>15 wrze\u015bnia rozpocz\u0105\u0142 si\u0119 tegoroczny Festiwal Nauki w stolicy. Uniwersytet Warszawski \u2013&nbsp;jeden ze wsp\u00f3\u0142za\u0142o\u017cycieli wydarzenia \u2013&nbsp;jak co roku organizuje szereg spotka\u0144, wyk\u0142ad\u00f3w i warsztat\u00f3w. W\u015br\u00f3d nich s\u0105 m.in.: debata o wsp\u00f3\u0142czesnych \u015brodkach przekazu, praktyczne zaj\u0119cia z krystalizacji bia\u0142ka, filozoficzne kalambury, pokaz sond kosmicznych czy zwiedzanie katakumb Pa\u0142acu Staszica. To ju\u017c 27. edycja Festiwalu Nauki w [&hellip;]<\/p>\n","protected":false},"author":4,"featured_media":0,"comment_status":"open","ping_status":"open","sticky":false,"template":"","format":"standard","meta":{"footnotes":""},"categories":[],"tags":[],"class_list":["post-2114","post","type-post","status-publish","format-standard","hentry"],"_links":{"self":[{"href":"https:\/\/romanistyka.wn.uw.edu.pl\/index.php\/wp-json\/wp\/v2\/posts\/2114","targetHints":{"allow":["GET"]}}],"collection":[{"href":"https:\/\/romanistyka.wn.uw.edu.pl\/index.php\/wp-json\/wp\/v2\/posts"}],"about":[{"href":"https:\/\/romanistyka.wn.uw.edu.pl\/index.php\/wp-json\/wp\/v2\/types\/post"}],"author":[{"embeddable":true,"href":"https:\/\/romanistyka.wn.uw.edu.pl\/index.php\/wp-json\/wp\/v2\/users\/4"}],"replies":[{"embeddable":true,"href":"https:\/\/romanistyka.wn.uw.edu.pl\/index.php\/wp-json\/wp\/v2\/comments?post=2114"}],"version-history":[{"count":1,"href":"https:\/\/romanistyka.wn.uw.edu.pl\/index.php\/wp-json\/wp\/v2\/posts\/2114\/revisions"}],"predecessor-version":[{"id":2115,"href":"https:\/\/romanistyka.wn.uw.edu.pl\/index.php\/wp-json\/wp\/v2\/posts\/2114\/revisions\/2115"}],"wp:attachment":[{"href":"https:\/\/romanistyka.wn.uw.edu.pl\/index.php\/wp-json\/wp\/v2\/media?parent=2114"}],"wp:term":[{"taxonomy":"category","embeddable":true,"href":"https:\/\/romanistyka.wn.uw.edu.pl\/index.php\/wp-json\/wp\/v2\/categories?post=2114"},{"taxonomy":"post_tag","embeddable":true,"href":"https:\/\/romanistyka.wn.uw.edu.pl\/index.php\/wp-json\/wp\/v2\/tags?post=2114"}],"curies":[{"name":"wp","href":"https:\/\/api.w.org\/{rel}","templated":true}]}}