{"id":1935,"date":"2023-09-10T10:25:47","date_gmt":"2023-09-10T10:25:47","guid":{"rendered":"https:\/\/romanistyka.wn.uw.edu.pl\/?p=1935"},"modified":"2023-09-22T07:27:54","modified_gmt":"2023-09-22T07:27:54","slug":"dodatkowe-grupy-wajo-iiip-i-iiiz","status":"publish","type":"post","link":"https:\/\/romanistyka.wn.uw.edu.pl\/index.php\/2023\/09\/10\/dodatkowe-grupy-wajo-iiip-i-iiiz\/","title":{"rendered":"Dodatkowe grupy WAJO IIIp i IIIz"},"content":{"rendered":"\n<p class=\"wp-block-paragraph\">Szanowni Pa\u0144stwo, <\/p>\n\n\n\n<p class=\"wp-block-paragraph\"><\/p>\n\n\n\n<p class=\"wp-block-paragraph\">w zwi\u0105zku z wi\u0119ksz\u0105 ni\u017c planowana liczb\u0105 student\u00f3w na 3. roku otwieramy dwie dodatkowe grupy PNJF &#8211; WAJO.<\/p>\n\n\n\n<p class=\"wp-block-paragraph\"><\/p>\n\n\n\n<p class=\"wp-block-paragraph\">Zostanie otwarta nowa rejestracja na ten modu\u0142 zgodnie z kalendarium rejestracji og\u00f3lnej.<\/p>\n\n\n\n<p class=\"wp-block-paragraph\"><\/p>\n\n\n\n<p class=\"wp-block-paragraph\">I grupa przedmiot\u00f3w: 19.06.2023 (21:00) \u2013 07.07.2023 (II tura 29.09.2023 \u2013 21.10.2023)<\/p>\n\n\n\n<p class=\"wp-block-paragraph\">Przedmioty kursowe (w tym: PNJF i wyk\u0142ady mono.)<\/p>\n\n\n\n<p class=\"wp-block-paragraph\">II grupa przedmiot\u00f3w: 20.06.2023 (21.00) \u2013 07.07.2023 (23:59) (II tura 28.09.2023 \u2013 21.10.2023)<\/p>\n\n\n\n<p class=\"wp-block-paragraph\">Konwersatoria: j\u0119z., historyczno-kulturowe, literaturoznawcze&nbsp;+ \u015bcie\u017cka przek\u0142adowa&nbsp;+ profil. met.&nbsp;+ przedmiot B2+<\/p>\n\n\n\n<p class=\"wp-block-paragraph\">III grupa przedmiot\u00f3w: 22.06.2023 (21.00) \u2013 07.07.2023 (23:59) (II tura 26.09.2023 \u2013 21.10.2023)<\/p>\n\n\n\n<p class=\"wp-block-paragraph\">Sem. licencjackie, sem. magisterskie, sem.tematyczne,<\/p>\n\n\n\n<p class=\"wp-block-paragraph\"><\/p>\n\n\n\n<p class=\"wp-block-paragraph\"><\/p>\n\n\n\n<p class=\"wp-block-paragraph\">serdecznie <\/p>\n\n\n\n<p class=\"wp-block-paragraph\">Ma\u0142gorzata Molska<\/p>\n\n\n\n<p class=\"wp-block-paragraph\"><\/p>\n\n\n\n<p class=\"wp-block-paragraph\">poni\u017cej nowy plan zaj\u0119\u0107<\/p>\n\n\n\n<div data-wp-interactive=\"core\/file\" class=\"wp-block-file\"><object data-wp-bind--hidden=\"!state.hasPdfPreview\" hidden class=\"wp-block-file__embed\" data=\"https:\/\/romanistyka.wn.uw.edu.pl\/wp-content\/uploads\/2023\/09\/Plan-zajec-dla-studiow-dziennych-i-wieczorowych.-Semestr-zimowy-2023-2024-3.pdf\" type=\"application\/pdf\" style=\"width:100%;height:600px\" aria-label=\"Osadzone z Plan-zajec-dla-studiow-dziennych-i-wieczorowych.-Semestr-zimowy-2023-2024-3.\"><\/object><a id=\"wp-block-file--media-e0b18976-ec9c-4985-a4a3-8160a7d96d48\" href=\"https:\/\/romanistyka.wn.uw.edu.pl\/wp-content\/uploads\/2023\/09\/Plan-zajec-dla-studiow-dziennych-i-wieczorowych.-Semestr-zimowy-2023-2024-3.pdf\">Plan-zajec-dla-studiow-dziennych-i-wieczorowych.-Semestr-zimowy-2023-2024-3<\/a><a href=\"https:\/\/romanistyka.wn.uw.edu.pl\/wp-content\/uploads\/2023\/09\/Plan-zajec-dla-studiow-dziennych-i-wieczorowych.-Semestr-zimowy-2023-2024-3.pdf\" class=\"wp-block-file__button wp-element-button\" download aria-describedby=\"wp-block-file--media-e0b18976-ec9c-4985-a4a3-8160a7d96d48\">Pobierz<\/a><\/div>\n","protected":false},"excerpt":{"rendered":"<p>Szanowni Pa\u0144stwo, w zwi\u0105zku z wi\u0119ksz\u0105 ni\u017c planowana liczb\u0105 student\u00f3w na 3. roku otwieramy dwie dodatkowe grupy PNJF &#8211; WAJO. Zostanie otwarta nowa rejestracja na ten modu\u0142 zgodnie z kalendarium rejestracji og\u00f3lnej. I grupa przedmiot\u00f3w: 19.06.2023 (21:00) \u2013 07.07.2023 (II tura 29.09.2023 \u2013 21.10.2023) Przedmioty kursowe (w tym: PNJF i wyk\u0142ady mono.) II grupa przedmiot\u00f3w: [&hellip;]<\/p>\n","protected":false},"author":4,"featured_media":0,"comment_status":"open","ping_status":"open","sticky":false,"template":"","format":"standard","meta":{"footnotes":""},"categories":[7],"tags":[],"class_list":["post-1935","post","type-post","status-publish","format-standard","hentry","category-ogloszenia-dla-studentow"],"_links":{"self":[{"href":"https:\/\/romanistyka.wn.uw.edu.pl\/index.php\/wp-json\/wp\/v2\/posts\/1935","targetHints":{"allow":["GET"]}}],"collection":[{"href":"https:\/\/romanistyka.wn.uw.edu.pl\/index.php\/wp-json\/wp\/v2\/posts"}],"about":[{"href":"https:\/\/romanistyka.wn.uw.edu.pl\/index.php\/wp-json\/wp\/v2\/types\/post"}],"author":[{"embeddable":true,"href":"https:\/\/romanistyka.wn.uw.edu.pl\/index.php\/wp-json\/wp\/v2\/users\/4"}],"replies":[{"embeddable":true,"href":"https:\/\/romanistyka.wn.uw.edu.pl\/index.php\/wp-json\/wp\/v2\/comments?post=1935"}],"version-history":[{"count":2,"href":"https:\/\/romanistyka.wn.uw.edu.pl\/index.php\/wp-json\/wp\/v2\/posts\/1935\/revisions"}],"predecessor-version":[{"id":2149,"href":"https:\/\/romanistyka.wn.uw.edu.pl\/index.php\/wp-json\/wp\/v2\/posts\/1935\/revisions\/2149"}],"wp:attachment":[{"href":"https:\/\/romanistyka.wn.uw.edu.pl\/index.php\/wp-json\/wp\/v2\/media?parent=1935"}],"wp:term":[{"taxonomy":"category","embeddable":true,"href":"https:\/\/romanistyka.wn.uw.edu.pl\/index.php\/wp-json\/wp\/v2\/categories?post=1935"},{"taxonomy":"post_tag","embeddable":true,"href":"https:\/\/romanistyka.wn.uw.edu.pl\/index.php\/wp-json\/wp\/v2\/tags?post=1935"}],"curies":[{"name":"wp","href":"https:\/\/api.w.org\/{rel}","templated":true}]}}