{"id":1924,"date":"2023-09-05T07:54:03","date_gmt":"2023-09-05T07:54:03","guid":{"rendered":"https:\/\/romanistyka.wn.uw.edu.pl\/?p=1924"},"modified":"2023-09-05T07:55:48","modified_gmt":"2023-09-05T07:55:48","slug":"agnieszka-janion-zmiana-terminu-dyzuru","status":"publish","type":"post","link":"https:\/\/romanistyka.wn.uw.edu.pl\/index.php\/2023\/09\/05\/agnieszka-janion-zmiana-terminu-dyzuru\/","title":{"rendered":"Agnieszka Janion &#8211; zmiana terminu dy\u017curu"},"content":{"rendered":"\n<p class=\"wp-block-paragraph\">Szanowni Pa\u0144stwo, ze powod\u00f3w zdrowotnych, musz\u0119 odwo\u0142a\u0107 dy\u017cur w dniu 5 wrze\u015bnia. Zapraszam 7 wrze\u015bnia (godz. 12.00 &#8211; 13.00) lub 11 wrze\u015bnia (godz. 10.00 &#8211; 11.00).<\/p>\n\n\n\n<p class=\"wp-block-paragraph\"><\/p>\n","protected":false},"excerpt":{"rendered":"<p>Szanowni Pa\u0144stwo, ze powod\u00f3w zdrowotnych, musz\u0119 odwo\u0142a\u0107 dy\u017cur w dniu 5 wrze\u015bnia. Zapraszam 7 wrze\u015bnia (godz. 12.00 &#8211; 13.00) lub 11 wrze\u015bnia (godz. 10.00 &#8211; 11.00).<\/p>\n","protected":false},"author":6,"featured_media":0,"comment_status":"open","ping_status":"open","sticky":false,"template":"","format":"standard","meta":{"footnotes":""},"categories":[7],"tags":[],"class_list":["post-1924","post","type-post","status-publish","format-standard","hentry","category-ogloszenia-dla-studentow"],"_links":{"self":[{"href":"https:\/\/romanistyka.wn.uw.edu.pl\/index.php\/wp-json\/wp\/v2\/posts\/1924","targetHints":{"allow":["GET"]}}],"collection":[{"href":"https:\/\/romanistyka.wn.uw.edu.pl\/index.php\/wp-json\/wp\/v2\/posts"}],"about":[{"href":"https:\/\/romanistyka.wn.uw.edu.pl\/index.php\/wp-json\/wp\/v2\/types\/post"}],"author":[{"embeddable":true,"href":"https:\/\/romanistyka.wn.uw.edu.pl\/index.php\/wp-json\/wp\/v2\/users\/6"}],"replies":[{"embeddable":true,"href":"https:\/\/romanistyka.wn.uw.edu.pl\/index.php\/wp-json\/wp\/v2\/comments?post=1924"}],"version-history":[{"count":1,"href":"https:\/\/romanistyka.wn.uw.edu.pl\/index.php\/wp-json\/wp\/v2\/posts\/1924\/revisions"}],"predecessor-version":[{"id":1925,"href":"https:\/\/romanistyka.wn.uw.edu.pl\/index.php\/wp-json\/wp\/v2\/posts\/1924\/revisions\/1925"}],"wp:attachment":[{"href":"https:\/\/romanistyka.wn.uw.edu.pl\/index.php\/wp-json\/wp\/v2\/media?parent=1924"}],"wp:term":[{"taxonomy":"category","embeddable":true,"href":"https:\/\/romanistyka.wn.uw.edu.pl\/index.php\/wp-json\/wp\/v2\/categories?post=1924"},{"taxonomy":"post_tag","embeddable":true,"href":"https:\/\/romanistyka.wn.uw.edu.pl\/index.php\/wp-json\/wp\/v2\/tags?post=1924"}],"curies":[{"name":"wp","href":"https:\/\/api.w.org\/{rel}","templated":true}]}}