{"id":1784,"date":"2023-07-23T11:48:59","date_gmt":"2023-07-23T11:48:59","guid":{"rendered":"https:\/\/romanistyka.wn.uw.edu.pl\/?p=1784"},"modified":"2023-07-23T11:49:02","modified_gmt":"2023-07-23T11:49:02","slug":"egzaminy-certyfikacyjne-z-jezykow-obcych-sesja-jesienna","status":"publish","type":"post","link":"https:\/\/romanistyka.wn.uw.edu.pl\/index.php\/2023\/07\/23\/egzaminy-certyfikacyjne-z-jezykow-obcych-sesja-jesienna\/","title":{"rendered":"Egzaminy certyfikacyjne z j\u0119zyk\u00f3w obcych &#8211; sesja jesienna"},"content":{"rendered":"\n<p class=\"wp-block-paragraph\">Szanowni Pa\u0144stwo, \u00a0<\/p>\n\n\n\n<p class=\"wp-block-paragraph\">w zwi\u0105zku ze zbli\u017caj\u0105c\u0105 si\u0119\u00a0sesj\u0105 egzaminacyjn\u0105\u00a0chcia\u0142abym przypomnie\u0107 terminy rejestracji na kursy repetytoryjne oraz na egzaminy certyfikacyjne\u00a0w sesji\u00a0jesiennej:\u00a0<\/p>\n\n\n\n<p class=\"wp-block-paragraph\">\u00b7&nbsp;rejestracja na kurs repetytoryjny przed egzaminami w sesji&nbsp;jesiennej:&nbsp;14.07.2023 \u2013 9.08.2023&nbsp;<\/p>\n\n\n\n<p class=\"wp-block-paragraph\">\u00b7\u00a0rejestracja na egzaminy w sesji\u00a0jesiennej:\u00a0\u00a014.07.2023 \u2013 14.08.2023\u00a0\u00a0<\/p>\n\n\n\n<p class=\"wp-block-paragraph\"><\/p>\n\n\n\n<p class=\"wp-block-paragraph\"><strong><span style=\"text-decoration: underline;\">UWAGA!!!! Nie b\u0119dzie mo\u017cliwo\u015bci zapisu na kursy ani na egzaminy po up\u0142ywie wy\u017cej podanych termin\u00f3w.\u00a0<\/span><\/strong><\/p>\n\n\n\n<p class=\"wp-block-paragraph\"><\/p>\n\n\n\n<p class=\"wp-block-paragraph\">Studenci pozostaj\u0105cy pod opiek\u0105 Biura ds. Os\u00f3b z Niepe\u0142nosprawno\u015bciami powinni z\u0142o\u017cy\u0107\u00a0stosowny wniosek w wy\u017cej wspomnianym Biurze, zgodnie z informacjami zamieszczonymi na stronie:\u00a0<a rel=\"noreferrer noopener\" href=\"https:\/\/jezyki.obce.uw.edu.pl\/dostosowania-dla-studentow-pod-opieka-bon-uw\/\" target=\"_blank\">https:\/\/jezyki.obce.uw.edu.pl\/dostosowania-dla-studentow-pod-opieka-bon-uw\/<\/a><\/p>\n\n\n\n<p class=\"wp-block-paragraph\">Poni\u017cej link do oferty egzaminacyjnej oraz link do harmonogramu sesji jesiennej:\u00a0<\/p>\n\n\n\n<p class=\"wp-block-paragraph\">&#8211; oferta egzaminacyjna:&nbsp;<a href=\"https:\/\/jezyki.obce.uw.edu.pl\/oferta-egzaminow\/\" target=\"_blank\" rel=\"noreferrer noopener\">https:\/\/jezyki.obce.uw.edu.pl\/oferta-egzaminow\/<\/a><\/p>\n\n\n\n<p class=\"wp-block-paragraph\">&#8211; harmonogram sesji jesiennej:&nbsp;<a href=\"https:\/\/jezyki.obce.uw.edu.pl\/harmonogram-sesji\/\" target=\"_blank\" rel=\"noreferrer noopener\">https:\/\/jezyki.obce.uw.edu.pl\/harmonogram-sesji\/<\/a><\/p>\n\n\n\n<p class=\"wp-block-paragraph\"><\/p>\n\n\n\n<p class=\"wp-block-paragraph\">\u0141\u0105cz\u0119 serdeczne pozdrowienia,\u00a0<\/p>\n\n\n\n<p class=\"wp-block-paragraph\">Ma\u0142gorzata Molska <\/p>\n","protected":false},"excerpt":{"rendered":"<p>Szanowni Pa\u0144stwo, \u00a0 w zwi\u0105zku ze zbli\u017caj\u0105c\u0105 si\u0119\u00a0sesj\u0105 egzaminacyjn\u0105\u00a0chcia\u0142abym przypomnie\u0107 terminy rejestracji na kursy repetytoryjne oraz na egzaminy certyfikacyjne\u00a0w sesji\u00a0jesiennej:\u00a0 \u00b7&nbsp;rejestracja na kurs repetytoryjny przed egzaminami w sesji&nbsp;jesiennej:&nbsp;14.07.2023 \u2013 9.08.2023&nbsp; \u00b7\u00a0rejestracja na egzaminy w sesji\u00a0jesiennej:\u00a0\u00a014.07.2023 \u2013 14.08.2023\u00a0\u00a0 UWAGA!!!! Nie b\u0119dzie mo\u017cliwo\u015bci zapisu na kursy ani na egzaminy po up\u0142ywie wy\u017cej podanych termin\u00f3w.\u00a0 Studenci pozostaj\u0105cy pod [&hellip;]<\/p>\n","protected":false},"author":4,"featured_media":0,"comment_status":"open","ping_status":"open","sticky":false,"template":"","format":"standard","meta":{"footnotes":""},"categories":[7],"tags":[],"class_list":["post-1784","post","type-post","status-publish","format-standard","hentry","category-ogloszenia-dla-studentow"],"_links":{"self":[{"href":"https:\/\/romanistyka.wn.uw.edu.pl\/index.php\/wp-json\/wp\/v2\/posts\/1784","targetHints":{"allow":["GET"]}}],"collection":[{"href":"https:\/\/romanistyka.wn.uw.edu.pl\/index.php\/wp-json\/wp\/v2\/posts"}],"about":[{"href":"https:\/\/romanistyka.wn.uw.edu.pl\/index.php\/wp-json\/wp\/v2\/types\/post"}],"author":[{"embeddable":true,"href":"https:\/\/romanistyka.wn.uw.edu.pl\/index.php\/wp-json\/wp\/v2\/users\/4"}],"replies":[{"embeddable":true,"href":"https:\/\/romanistyka.wn.uw.edu.pl\/index.php\/wp-json\/wp\/v2\/comments?post=1784"}],"version-history":[{"count":1,"href":"https:\/\/romanistyka.wn.uw.edu.pl\/index.php\/wp-json\/wp\/v2\/posts\/1784\/revisions"}],"predecessor-version":[{"id":1785,"href":"https:\/\/romanistyka.wn.uw.edu.pl\/index.php\/wp-json\/wp\/v2\/posts\/1784\/revisions\/1785"}],"wp:attachment":[{"href":"https:\/\/romanistyka.wn.uw.edu.pl\/index.php\/wp-json\/wp\/v2\/media?parent=1784"}],"wp:term":[{"taxonomy":"category","embeddable":true,"href":"https:\/\/romanistyka.wn.uw.edu.pl\/index.php\/wp-json\/wp\/v2\/categories?post=1784"},{"taxonomy":"post_tag","embeddable":true,"href":"https:\/\/romanistyka.wn.uw.edu.pl\/index.php\/wp-json\/wp\/v2\/tags?post=1784"}],"curies":[{"name":"wp","href":"https:\/\/api.w.org\/{rel}","templated":true}]}}