{"id":1779,"date":"2023-07-17T19:37:21","date_gmt":"2023-07-17T19:37:21","guid":{"rendered":"https:\/\/romanistyka.wn.uw.edu.pl\/?p=1779"},"modified":"2023-07-17T19:37:24","modified_gmt":"2023-07-17T19:37:24","slug":"gramatyka-opisowa-ii-rok-omowienie-egzaminow","status":"publish","type":"post","link":"https:\/\/romanistyka.wn.uw.edu.pl\/index.php\/2023\/07\/17\/gramatyka-opisowa-ii-rok-omowienie-egzaminow\/","title":{"rendered":"Gramatyka opisowa II rok &#8211; om\u00f3wienie egzamin\u00f3w"},"content":{"rendered":"\n<p class=\"wp-block-paragraph\">Szanowni Pa\u0144stwo, <\/p>\n\n\n\n<p class=\"wp-block-paragraph\">wszystkie osoby studiuj\u0105ce, kt\u00f3re chcia\u0142yby obejrze\u0107 i om\u00f3wi\u0107 swoje prace egzaminacyjne z gramatyki opisowej zapraszam jutro w godzinach 15.30-16.30 do gabinetu Zak\u0142adu J\u0119zykoznawstwa IR (s. 3.419) lub w sesji poprawkowej, po um\u00f3wieniu si\u0119. <\/p>\n\n\n\n<p class=\"wp-block-paragraph\">\u0141\u0105cz\u0119 pozdrowienia <\/p>\n\n\n\n<p class=\"wp-block-paragraph\">Magdalena Grycan <\/p>\n","protected":false},"excerpt":{"rendered":"<p>Szanowni Pa\u0144stwo, wszystkie osoby studiuj\u0105ce, kt\u00f3re chcia\u0142yby obejrze\u0107 i om\u00f3wi\u0107 swoje prace egzaminacyjne z gramatyki opisowej zapraszam jutro w godzinach 15.30-16.30 do gabinetu Zak\u0142adu J\u0119zykoznawstwa IR (s. 3.419) lub w sesji poprawkowej, po um\u00f3wieniu si\u0119. \u0141\u0105cz\u0119 pozdrowienia Magdalena Grycan<\/p>\n","protected":false},"author":6,"featured_media":0,"comment_status":"open","ping_status":"open","sticky":false,"template":"","format":"standard","meta":{"footnotes":""},"categories":[15,7],"tags":[],"class_list":["post-1779","post","type-post","status-publish","format-standard","hentry","category-bez-kategorii-pl","category-ogloszenia-dla-studentow"],"_links":{"self":[{"href":"https:\/\/romanistyka.wn.uw.edu.pl\/index.php\/wp-json\/wp\/v2\/posts\/1779","targetHints":{"allow":["GET"]}}],"collection":[{"href":"https:\/\/romanistyka.wn.uw.edu.pl\/index.php\/wp-json\/wp\/v2\/posts"}],"about":[{"href":"https:\/\/romanistyka.wn.uw.edu.pl\/index.php\/wp-json\/wp\/v2\/types\/post"}],"author":[{"embeddable":true,"href":"https:\/\/romanistyka.wn.uw.edu.pl\/index.php\/wp-json\/wp\/v2\/users\/6"}],"replies":[{"embeddable":true,"href":"https:\/\/romanistyka.wn.uw.edu.pl\/index.php\/wp-json\/wp\/v2\/comments?post=1779"}],"version-history":[{"count":1,"href":"https:\/\/romanistyka.wn.uw.edu.pl\/index.php\/wp-json\/wp\/v2\/posts\/1779\/revisions"}],"predecessor-version":[{"id":1780,"href":"https:\/\/romanistyka.wn.uw.edu.pl\/index.php\/wp-json\/wp\/v2\/posts\/1779\/revisions\/1780"}],"wp:attachment":[{"href":"https:\/\/romanistyka.wn.uw.edu.pl\/index.php\/wp-json\/wp\/v2\/media?parent=1779"}],"wp:term":[{"taxonomy":"category","embeddable":true,"href":"https:\/\/romanistyka.wn.uw.edu.pl\/index.php\/wp-json\/wp\/v2\/categories?post=1779"},{"taxonomy":"post_tag","embeddable":true,"href":"https:\/\/romanistyka.wn.uw.edu.pl\/index.php\/wp-json\/wp\/v2\/tags?post=1779"}],"curies":[{"name":"wp","href":"https:\/\/api.w.org\/{rel}","templated":true}]}}