{"id":1741,"date":"2023-06-27T09:08:08","date_gmt":"2023-06-27T09:08:08","guid":{"rendered":"https:\/\/romanistyka.wn.uw.edu.pl\/?p=1741"},"modified":"2023-06-27T09:08:12","modified_gmt":"2023-06-27T09:08:12","slug":"studia-podyplomowe-european-masters-in-conference-interpreting-emcirekrutacja-program-i-perspektywy-pracy","status":"publish","type":"post","link":"https:\/\/romanistyka.wn.uw.edu.pl\/index.php\/2023\/06\/27\/studia-podyplomowe-european-masters-in-conference-interpreting-emcirekrutacja-program-i-perspektywy-pracy\/","title":{"rendered":"STUDIA PODYPLOMOWE &#8222;EUROPEAN MASTERS IN CONFERENCE INTERPRETING (EMCI):REKRUTACJA, PROGRAM I PERSPEKTYWY PRACY\u201d"},"content":{"rendered":"\n<p class=\"wp-block-paragraph\">ZAPRASZAMY<br>NA SPOTKANIE ONLINE<br>\u201eSTUDIA PODYPLOMOWE<\/p>\n\n\n\n<p class=\"wp-block-paragraph\">EUROPEAN MASTERS IN CONFERENCE INTERPRETING (EMCI):<br>REKRUTACJA, PROGRAM I PERSPEKTYWY PRACY\u201d<br>Termin: czwartek 29 czerwca 2023 r. w godz. 17.00-18.30<\/p>\n\n\n\n<p class=\"wp-block-paragraph\">Link do spotkania:<\/p>\n\n\n\n<figure class=\"wp-block-embed\"><div class=\"wp-block-embed__wrapper\">\nhttps:\/\/uw-edu-pl.zoom.us\/j\/92953812492?pwd=emVUQURJdG5yNjIzTUpvRGVjM1gzQT09\n<\/div><\/figure>\n\n\n\n<p class=\"wp-block-paragraph\">Identyfikator spotkania: 929 5381 2492<br>Kod dost\u0119pu: 428762<\/p>\n\n\n\n<p class=\"wp-block-paragraph\">Zapraszamy kandydat\u00f3w zainteresowanych<\/p>\n\n\n\n<p class=\"wp-block-paragraph\">2-semestralnym intensywnym kursem przek\u0142adu konferencyjnego EMCI<\/p>\n\n\n\n<p class=\"wp-block-paragraph\">w Instytucie Lingwistyki Stosowanej UW<\/p>\n\n\n\n<p class=\"wp-block-paragraph\">Podczas spotkania opowiemy o studiach, profilu kandydata, rekrutacji, programie<\/p>\n\n\n\n<p class=\"wp-block-paragraph\">nauczania i perspektywach pracy po uko\u0144czeniu kursu<br>W drugiej cz\u0119\u015bci spotkania przewidziana jest sesja pyta\u0144 i odpowiedzi<br>W\u015br\u00f3d zaproszonych go\u015bci s\u0105 m.in. t\u0142umacze akredytowani w instytucjach UE<br>Pani Ma\u0142gorzata Qui\u00f1\u00f3nez \u2013 absolwentka EMCI w edycji 2020\/21 \u2013<br>opowie o swojej drodze edukacyjnej i zawodowej<br>\u201eprzed EMCI\u201d i po uko\u0144czeniu kursu<br>Spotkanie poprowadzi dr hab. Agnieszka Biernacka,<br>szefowa EMCI na Uniwersytecie Warszawskim<\/p>\n\n\n\n<p class=\"wp-block-paragraph\">Zapraszamy r\u00f3wnie\u017c do zapoznania si\u0119 ze szczeg\u00f3\u0142owymi informacjami<\/p>\n\n\n\n<p class=\"wp-block-paragraph\">o studiach podyplomowych EMCI na:<br>https:\/\/ils.uw.edu.pl\/podyplomowe\/emci\/<\/p>\n","protected":false},"excerpt":{"rendered":"<p>ZAPRASZAMYNA SPOTKANIE ONLINE\u201eSTUDIA PODYPLOMOWE EUROPEAN MASTERS IN CONFERENCE INTERPRETING (EMCI):REKRUTACJA, PROGRAM I PERSPEKTYWY PRACY\u201dTermin: czwartek 29 czerwca 2023 r. w godz. 17.00-18.30 Link do spotkania: Identyfikator spotkania: 929 5381 2492Kod dost\u0119pu: 428762 Zapraszamy kandydat\u00f3w zainteresowanych 2-semestralnym intensywnym kursem przek\u0142adu konferencyjnego EMCI w Instytucie Lingwistyki Stosowanej UW Podczas spotkania opowiemy o studiach, profilu kandydata, rekrutacji, programie [&hellip;]<\/p>\n","protected":false},"author":3,"featured_media":0,"comment_status":"open","ping_status":"open","sticky":false,"template":"","format":"standard","meta":{"footnotes":""},"categories":[7],"tags":[],"class_list":["post-1741","post","type-post","status-publish","format-standard","hentry","category-ogloszenia-dla-studentow"],"_links":{"self":[{"href":"https:\/\/romanistyka.wn.uw.edu.pl\/index.php\/wp-json\/wp\/v2\/posts\/1741","targetHints":{"allow":["GET"]}}],"collection":[{"href":"https:\/\/romanistyka.wn.uw.edu.pl\/index.php\/wp-json\/wp\/v2\/posts"}],"about":[{"href":"https:\/\/romanistyka.wn.uw.edu.pl\/index.php\/wp-json\/wp\/v2\/types\/post"}],"author":[{"embeddable":true,"href":"https:\/\/romanistyka.wn.uw.edu.pl\/index.php\/wp-json\/wp\/v2\/users\/3"}],"replies":[{"embeddable":true,"href":"https:\/\/romanistyka.wn.uw.edu.pl\/index.php\/wp-json\/wp\/v2\/comments?post=1741"}],"version-history":[{"count":1,"href":"https:\/\/romanistyka.wn.uw.edu.pl\/index.php\/wp-json\/wp\/v2\/posts\/1741\/revisions"}],"predecessor-version":[{"id":1742,"href":"https:\/\/romanistyka.wn.uw.edu.pl\/index.php\/wp-json\/wp\/v2\/posts\/1741\/revisions\/1742"}],"wp:attachment":[{"href":"https:\/\/romanistyka.wn.uw.edu.pl\/index.php\/wp-json\/wp\/v2\/media?parent=1741"}],"wp:term":[{"taxonomy":"category","embeddable":true,"href":"https:\/\/romanistyka.wn.uw.edu.pl\/index.php\/wp-json\/wp\/v2\/categories?post=1741"},{"taxonomy":"post_tag","embeddable":true,"href":"https:\/\/romanistyka.wn.uw.edu.pl\/index.php\/wp-json\/wp\/v2\/tags?post=1741"}],"curies":[{"name":"wp","href":"https:\/\/api.w.org\/{rel}","templated":true}]}}