{"id":1734,"date":"2023-06-27T06:11:05","date_gmt":"2023-06-27T06:11:05","guid":{"rendered":"https:\/\/romanistyka.wn.uw.edu.pl\/?p=1734"},"modified":"2023-06-27T06:11:10","modified_gmt":"2023-06-27T06:11:10","slug":"gramatyka-opisowa-egzamin","status":"publish","type":"post","link":"https:\/\/romanistyka.wn.uw.edu.pl\/index.php\/2023\/06\/27\/gramatyka-opisowa-egzamin\/","title":{"rendered":"GRAMATYKA OPISOWA &#8211; EGZAMIN\u00a0"},"content":{"rendered":"\n<p class=\"wp-block-paragraph\">Szanowni Pa\u0144stwo,&nbsp;<\/p>\n\n\n\n<p class=\"wp-block-paragraph\">egzamin z gramatyki opisowej odb\u0119dzie si\u0119 w auli 1.008 na pierwszym pi\u0119trze o godzinie 12.00.&nbsp;<\/p>\n\n\n\n<p class=\"wp-block-paragraph\">\u0141\u0105czymy pozdrowienia&nbsp;<\/p>\n\n\n\n<p class=\"wp-block-paragraph\">Magdalena Grycan i Anna Kieliszczyk&nbsp;<\/p>\n","protected":false},"excerpt":{"rendered":"<p>Szanowni Pa\u0144stwo,&nbsp; egzamin z gramatyki opisowej odb\u0119dzie si\u0119 w auli 1.008 na pierwszym pi\u0119trze o godzinie 12.00.&nbsp; \u0141\u0105czymy pozdrowienia&nbsp; Magdalena Grycan i Anna Kieliszczyk&nbsp;<\/p>\n","protected":false},"author":3,"featured_media":0,"comment_status":"open","ping_status":"open","sticky":false,"template":"","format":"standard","meta":{"footnotes":""},"categories":[7],"tags":[],"class_list":["post-1734","post","type-post","status-publish","format-standard","hentry","category-ogloszenia-dla-studentow"],"_links":{"self":[{"href":"https:\/\/romanistyka.wn.uw.edu.pl\/index.php\/wp-json\/wp\/v2\/posts\/1734","targetHints":{"allow":["GET"]}}],"collection":[{"href":"https:\/\/romanistyka.wn.uw.edu.pl\/index.php\/wp-json\/wp\/v2\/posts"}],"about":[{"href":"https:\/\/romanistyka.wn.uw.edu.pl\/index.php\/wp-json\/wp\/v2\/types\/post"}],"author":[{"embeddable":true,"href":"https:\/\/romanistyka.wn.uw.edu.pl\/index.php\/wp-json\/wp\/v2\/users\/3"}],"replies":[{"embeddable":true,"href":"https:\/\/romanistyka.wn.uw.edu.pl\/index.php\/wp-json\/wp\/v2\/comments?post=1734"}],"version-history":[{"count":1,"href":"https:\/\/romanistyka.wn.uw.edu.pl\/index.php\/wp-json\/wp\/v2\/posts\/1734\/revisions"}],"predecessor-version":[{"id":1735,"href":"https:\/\/romanistyka.wn.uw.edu.pl\/index.php\/wp-json\/wp\/v2\/posts\/1734\/revisions\/1735"}],"wp:attachment":[{"href":"https:\/\/romanistyka.wn.uw.edu.pl\/index.php\/wp-json\/wp\/v2\/media?parent=1734"}],"wp:term":[{"taxonomy":"category","embeddable":true,"href":"https:\/\/romanistyka.wn.uw.edu.pl\/index.php\/wp-json\/wp\/v2\/categories?post=1734"},{"taxonomy":"post_tag","embeddable":true,"href":"https:\/\/romanistyka.wn.uw.edu.pl\/index.php\/wp-json\/wp\/v2\/tags?post=1734"}],"curies":[{"name":"wp","href":"https:\/\/api.w.org\/{rel}","templated":true}]}}