{"id":1671,"date":"2023-06-15T09:12:37","date_gmt":"2023-06-15T09:12:37","guid":{"rendered":"https:\/\/romanistyka.wn.uw.edu.pl\/?p=1671"},"modified":"2023-06-15T09:12:39","modified_gmt":"2023-06-15T09:12:39","slug":"prof-pilecka-odwoluje-zajecia-i-dyzur-15-06-i-16-06","status":"publish","type":"post","link":"https:\/\/romanistyka.wn.uw.edu.pl\/index.php\/2023\/06\/15\/prof-pilecka-odwoluje-zajecia-i-dyzur-15-06-i-16-06\/","title":{"rendered":"Prof.Pilecka odwo\u0142uje zaj\u0119cia i dy\u017cur 15.06 i 16.06"},"content":{"rendered":"\n<p class=\"wp-block-paragraph\">Szanowni Pa\u0144stwo, z przykro\u015bci\u0105 odwo\u0142uj\u0119 nasze ostatnie zaj\u0119cia w dniach 15 i 16.00, a tak\u017ce dy\u017cur 16.06 &#8211; jestem na zwolnieniu lekarskim.<\/p>\n\n\n\n<p class=\"wp-block-paragraph\">Moje najbli\u017csze dy\u017cury w sesji to 19.06 godz. 13.30-14.30 oraz 26.06 godz. 11.00-12.00. W pilnych sprawach prosz\u0119 o kontakt mailowy.<\/p>\n","protected":false},"excerpt":{"rendered":"<p>Szanowni Pa\u0144stwo, z przykro\u015bci\u0105 odwo\u0142uj\u0119 nasze ostatnie zaj\u0119cia w dniach 15 i 16.00, a tak\u017ce dy\u017cur 16.06 &#8211; jestem na zwolnieniu lekarskim. Moje najbli\u017csze dy\u017cury w sesji to 19.06 godz. 13.30-14.30 oraz 26.06 godz. 11.00-12.00. W pilnych sprawach prosz\u0119 o kontakt mailowy.<\/p>\n","protected":false},"author":6,"featured_media":0,"comment_status":"open","ping_status":"open","sticky":false,"template":"","format":"standard","meta":{"footnotes":""},"categories":[7],"tags":[],"class_list":["post-1671","post","type-post","status-publish","format-standard","hentry","category-ogloszenia-dla-studentow"],"_links":{"self":[{"href":"https:\/\/romanistyka.wn.uw.edu.pl\/index.php\/wp-json\/wp\/v2\/posts\/1671","targetHints":{"allow":["GET"]}}],"collection":[{"href":"https:\/\/romanistyka.wn.uw.edu.pl\/index.php\/wp-json\/wp\/v2\/posts"}],"about":[{"href":"https:\/\/romanistyka.wn.uw.edu.pl\/index.php\/wp-json\/wp\/v2\/types\/post"}],"author":[{"embeddable":true,"href":"https:\/\/romanistyka.wn.uw.edu.pl\/index.php\/wp-json\/wp\/v2\/users\/6"}],"replies":[{"embeddable":true,"href":"https:\/\/romanistyka.wn.uw.edu.pl\/index.php\/wp-json\/wp\/v2\/comments?post=1671"}],"version-history":[{"count":1,"href":"https:\/\/romanistyka.wn.uw.edu.pl\/index.php\/wp-json\/wp\/v2\/posts\/1671\/revisions"}],"predecessor-version":[{"id":1672,"href":"https:\/\/romanistyka.wn.uw.edu.pl\/index.php\/wp-json\/wp\/v2\/posts\/1671\/revisions\/1672"}],"wp:attachment":[{"href":"https:\/\/romanistyka.wn.uw.edu.pl\/index.php\/wp-json\/wp\/v2\/media?parent=1671"}],"wp:term":[{"taxonomy":"category","embeddable":true,"href":"https:\/\/romanistyka.wn.uw.edu.pl\/index.php\/wp-json\/wp\/v2\/categories?post=1671"},{"taxonomy":"post_tag","embeddable":true,"href":"https:\/\/romanistyka.wn.uw.edu.pl\/index.php\/wp-json\/wp\/v2\/tags?post=1671"}],"curies":[{"name":"wp","href":"https:\/\/api.w.org\/{rel}","templated":true}]}}