{"id":1638,"date":"2023-06-12T09:16:06","date_gmt":"2023-06-12T09:16:06","guid":{"rendered":"https:\/\/romanistyka.wn.uw.edu.pl\/?p=1638"},"modified":"2023-06-12T09:16:08","modified_gmt":"2023-06-12T09:16:08","slug":"ankieta-oceny-pracy-sekcji-obslugi-studiow-w-ir","status":"publish","type":"post","link":"https:\/\/romanistyka.wn.uw.edu.pl\/index.php\/2023\/06\/12\/ankieta-oceny-pracy-sekcji-obslugi-studiow-w-ir\/","title":{"rendered":"ANKIETA oceny pracy Sekcji Obs\u0142ugi Studi\u00f3w w IR"},"content":{"rendered":"\n<p class=\"wp-block-paragraph\">Szanowni Pa\u0144stwo,\u00a0<\/p>\n\n\n\n<p class=\"wp-block-paragraph\">na koniec semestru letniego prosimy Pa\u0144stwa nie tylko o wype\u0142nienie ankiet oceny zaj\u0119\u0107 dydaktycznych w systemie USOS, ale tak\u017ce\u00a0<strong>ankiety oceny pracy Sekcji Obs\u0142ugi Studi\u00f3w<\/strong>. Ankieta dost\u0119pna jest pod linkiem\u00a0<\/p>\n\n\n\n<p class=\"wp-block-paragraph\"><a href=\"https:\/\/forms.gle\/svxCik9UwyRXBVZh7\">https:\/\/forms.gle\/svxCik9UwyRXBVZh7<\/a>\u00a0<strong>do pi\u0105tku 16 czerwca.<\/strong><\/p>\n\n\n\n<p class=\"wp-block-paragraph\">Pa\u0144stwa opinie s\u0105 dla nas bardzo wa\u017cne \u2013 pozwalaj\u0105 nam rozwija\u0107 praktyki, kt\u00f3re u\u0142atwiaj\u0105 Pa\u0144stwu studiowanie, oraz doskonali\u0107 obszary, kt\u00f3re wymagaj\u0105 wed\u0142ug Pa\u0144stwa poprawy.<\/p>\n\n\n\n<p class=\"wp-block-paragraph\">\u00a0Serdecznie Pa\u0144stwa zapraszamy do wype\u0142nienia ankiety! <\/p>\n\n\n\n<p class=\"wp-block-paragraph\">Ka\u017cdy g\u0142os si\u0119 liczy!<\/p>\n\n\n\n<p class=\"wp-block-paragraph\"><\/p>\n\n\n\n<p class=\"wp-block-paragraph\">Ma\u0142gorzata Molska <\/p>\n","protected":false},"excerpt":{"rendered":"<p>Szanowni Pa\u0144stwo,\u00a0 na koniec semestru letniego prosimy Pa\u0144stwa nie tylko o wype\u0142nienie ankiet oceny zaj\u0119\u0107 dydaktycznych w systemie USOS, ale tak\u017ce\u00a0ankiety oceny pracy Sekcji Obs\u0142ugi Studi\u00f3w. Ankieta dost\u0119pna jest pod linkiem\u00a0 https:\/\/forms.gle\/svxCik9UwyRXBVZh7\u00a0do pi\u0105tku 16 czerwca. Pa\u0144stwa opinie s\u0105 dla nas bardzo wa\u017cne \u2013 pozwalaj\u0105 nam rozwija\u0107 praktyki, kt\u00f3re u\u0142atwiaj\u0105 Pa\u0144stwu studiowanie, oraz doskonali\u0107 obszary, kt\u00f3re [&hellip;]<\/p>\n","protected":false},"author":4,"featured_media":0,"comment_status":"open","ping_status":"open","sticky":false,"template":"","format":"standard","meta":{"footnotes":""},"categories":[7],"tags":[],"class_list":["post-1638","post","type-post","status-publish","format-standard","hentry","category-ogloszenia-dla-studentow"],"_links":{"self":[{"href":"https:\/\/romanistyka.wn.uw.edu.pl\/index.php\/wp-json\/wp\/v2\/posts\/1638","targetHints":{"allow":["GET"]}}],"collection":[{"href":"https:\/\/romanistyka.wn.uw.edu.pl\/index.php\/wp-json\/wp\/v2\/posts"}],"about":[{"href":"https:\/\/romanistyka.wn.uw.edu.pl\/index.php\/wp-json\/wp\/v2\/types\/post"}],"author":[{"embeddable":true,"href":"https:\/\/romanistyka.wn.uw.edu.pl\/index.php\/wp-json\/wp\/v2\/users\/4"}],"replies":[{"embeddable":true,"href":"https:\/\/romanistyka.wn.uw.edu.pl\/index.php\/wp-json\/wp\/v2\/comments?post=1638"}],"version-history":[{"count":1,"href":"https:\/\/romanistyka.wn.uw.edu.pl\/index.php\/wp-json\/wp\/v2\/posts\/1638\/revisions"}],"predecessor-version":[{"id":1639,"href":"https:\/\/romanistyka.wn.uw.edu.pl\/index.php\/wp-json\/wp\/v2\/posts\/1638\/revisions\/1639"}],"wp:attachment":[{"href":"https:\/\/romanistyka.wn.uw.edu.pl\/index.php\/wp-json\/wp\/v2\/media?parent=1638"}],"wp:term":[{"taxonomy":"category","embeddable":true,"href":"https:\/\/romanistyka.wn.uw.edu.pl\/index.php\/wp-json\/wp\/v2\/categories?post=1638"},{"taxonomy":"post_tag","embeddable":true,"href":"https:\/\/romanistyka.wn.uw.edu.pl\/index.php\/wp-json\/wp\/v2\/tags?post=1638"}],"curies":[{"name":"wp","href":"https:\/\/api.w.org\/{rel}","templated":true}]}}