{"id":1635,"date":"2023-06-12T08:52:53","date_gmt":"2023-06-12T08:52:53","guid":{"rendered":"https:\/\/romanistyka.wn.uw.edu.pl\/?p=1635"},"modified":"2023-06-12T12:39:12","modified_gmt":"2023-06-12T12:39:12","slug":"rejestracja-na-semestr-zimowy-2022-2023","status":"publish","type":"post","link":"https:\/\/romanistyka.wn.uw.edu.pl\/index.php\/2023\/06\/12\/rejestracja-na-semestr-zimowy-2022-2023\/","title":{"rendered":"REJESTRACJA na semestr zimowy 2023\/2024"},"content":{"rendered":"\n<p class=\"wp-block-paragraph\">Szanowni Pa\u0144stwo, <\/p>\n\n\n\n<p class=\"wp-block-paragraph\"><\/p>\n\n\n\n<p class=\"wp-block-paragraph\">poni\u017cej harmonogram rejestracji na zaj\u0119cia w semestrze zimowym 2023\/2024.<\/p>\n\n\n\n<p class=\"wp-block-paragraph\">Po migracji danych tj. <strong><span style=\"text-decoration: underline;\">od jutra 13 czerwca <\/span><\/strong>powinni mie\u0107 Pa\u0144stwo widoczne rejestracje w USOS.<\/p>\n\n\n\n<p class=\"wp-block-paragraph\">Prosz\u0119 zg\u0142asza\u0107 do mnie : m.molska@uw.edu.pl wszelkie trudno\u015bci w dost\u0119pie do rejestracyjnych koszyk\u00f3w do pi\u0105tku do 23h59.<\/p>\n\n\n\n<p class=\"wp-block-paragraph\"><\/p>\n\n\n\n<p class=\"wp-block-paragraph\"><\/p>\n\n\n\n<p class=\"wp-block-paragraph\">I grupa przedmiot\u00f3w: 19.06.2023 (21:00) &#8211; 07.07.2023 (II tura 29.09.2023 &#8211; 21.10.2023)<\/p>\n\n\n\n<p class=\"wp-block-paragraph\">Przedmioty kursowe (w tym: PNJF i wyk\u0142ady mono.)<\/p>\n\n\n\n<p class=\"wp-block-paragraph\"><\/p>\n\n\n\n<p class=\"wp-block-paragraph\">II grupa przedmiot\u00f3w: 20.06.2023 (21.00) &#8211; 07.07.2023 (23:59) (II tura 28.09.2023 &#8211; 21.10.2023)<\/p>\n\n\n\n<p class=\"wp-block-paragraph\">Konwersatoria: j\u0119z., historyczno-kulturowe, literaturoznawcze&nbsp;+ \u015bcie\u017cka przek\u0142adowa&nbsp;+ profil. met.&nbsp;+ przedmiot B2+<\/p>\n\n\n\n<p class=\"wp-block-paragraph\"><\/p>\n\n\n\n<p class=\"wp-block-paragraph\">III grupa przedmiot\u00f3w: 22.06.2023 (21.00) &#8211; 07.07.2023 (23:59) (II tura 27.09.2023 &#8211; 21.10.2023)<\/p>\n\n\n\n<p class=\"wp-block-paragraph\">Sem. licencjackie, sem. magisterskie, sem.tematyczne,<\/p>\n\n\n\n<p class=\"wp-block-paragraph\"><\/p>\n\n\n\n<p class=\"wp-block-paragraph\">Serdecznie<\/p>\n\n\n\n<p class=\"wp-block-paragraph\">Ma\u0142gorzata Molska <\/p>\n","protected":false},"excerpt":{"rendered":"<p>Szanowni Pa\u0144stwo, poni\u017cej harmonogram rejestracji na zaj\u0119cia w semestrze zimowym 2023\/2024. Po migracji danych tj. od jutra 13 czerwca powinni mie\u0107 Pa\u0144stwo widoczne rejestracje w USOS. Prosz\u0119 zg\u0142asza\u0107 do mnie : m.molska@uw.edu.pl wszelkie trudno\u015bci w dost\u0119pie do rejestracyjnych koszyk\u00f3w do pi\u0105tku do 23h59. I grupa przedmiot\u00f3w: 19.06.2023 (21:00) &#8211; 07.07.2023 (II tura 29.09.2023 &#8211; 21.10.2023) [&hellip;]<\/p>\n","protected":false},"author":4,"featured_media":0,"comment_status":"open","ping_status":"open","sticky":false,"template":"","format":"standard","meta":{"footnotes":""},"categories":[7],"tags":[],"class_list":["post-1635","post","type-post","status-publish","format-standard","hentry","category-ogloszenia-dla-studentow"],"_links":{"self":[{"href":"https:\/\/romanistyka.wn.uw.edu.pl\/index.php\/wp-json\/wp\/v2\/posts\/1635","targetHints":{"allow":["GET"]}}],"collection":[{"href":"https:\/\/romanistyka.wn.uw.edu.pl\/index.php\/wp-json\/wp\/v2\/posts"}],"about":[{"href":"https:\/\/romanistyka.wn.uw.edu.pl\/index.php\/wp-json\/wp\/v2\/types\/post"}],"author":[{"embeddable":true,"href":"https:\/\/romanistyka.wn.uw.edu.pl\/index.php\/wp-json\/wp\/v2\/users\/4"}],"replies":[{"embeddable":true,"href":"https:\/\/romanistyka.wn.uw.edu.pl\/index.php\/wp-json\/wp\/v2\/comments?post=1635"}],"version-history":[{"count":5,"href":"https:\/\/romanistyka.wn.uw.edu.pl\/index.php\/wp-json\/wp\/v2\/posts\/1635\/revisions"}],"predecessor-version":[{"id":1644,"href":"https:\/\/romanistyka.wn.uw.edu.pl\/index.php\/wp-json\/wp\/v2\/posts\/1635\/revisions\/1644"}],"wp:attachment":[{"href":"https:\/\/romanistyka.wn.uw.edu.pl\/index.php\/wp-json\/wp\/v2\/media?parent=1635"}],"wp:term":[{"taxonomy":"category","embeddable":true,"href":"https:\/\/romanistyka.wn.uw.edu.pl\/index.php\/wp-json\/wp\/v2\/categories?post=1635"},{"taxonomy":"post_tag","embeddable":true,"href":"https:\/\/romanistyka.wn.uw.edu.pl\/index.php\/wp-json\/wp\/v2\/tags?post=1635"}],"curies":[{"name":"wp","href":"https:\/\/api.w.org\/{rel}","templated":true}]}}