{"id":1629,"date":"2023-06-07T09:20:39","date_gmt":"2023-06-07T09:20:39","guid":{"rendered":"https:\/\/romanistyka.wn.uw.edu.pl\/?p=1629"},"modified":"2023-06-07T09:20:42","modified_gmt":"2023-06-07T09:20:42","slug":"spotkanie-informacyjne-studia-kanadyjskie-wn","status":"publish","type":"post","link":"https:\/\/romanistyka.wn.uw.edu.pl\/index.php\/2023\/06\/07\/spotkanie-informacyjne-studia-kanadyjskie-wn\/","title":{"rendered":"Spotkanie informacyjne Studia kanadyjskie WN"},"content":{"rendered":"\n<p class=\"wp-block-paragraph\">Szanowni Pa\u0144stwo,<\/p>\n\n\n\n<p class=\"wp-block-paragraph\">Serdecznie zapraszamy do zapoznania si\u0119 z ofert\u0105 programow\u0105 kierunku&nbsp;<strong>Studia Kanadyjskie&nbsp;<\/strong>(studia II stopnia). Gor\u0105co polecamy ten kierunek i zach\u0119camy do wzi\u0119cia udzia\u0142u w rekrutacji (rejestracja od 6 czerwca do 13 lipca)!<\/p>\n\n\n\n<p class=\"wp-block-paragraph\">Zapraszamy do zapoznania si\u0119 z za\u0142\u0105czonym folderem informacyjnym. Aby dowiedzie\u0107 si\u0119 wi\u0119cej o tym, co dzieje si\u0119 na studiach kanadyjskich zapraszamy na profil kierunku na Instagramie:&nbsp;<a href=\"https:\/\/www.instagram.com\/studiakanadyjskie.uw\/?igshid=ZDdkNTZiNTM%3D\" target=\"_blank\" rel=\"noreferrer noopener\">https:\/\/www.instagram.com\/studiakanadyjskie.uw\/?igshid=ZDdkNTZiNTM%3D<\/a><\/p>\n\n\n\n<p class=\"wp-block-paragraph\">Wszystkie informacje formalne znajd\u0105 Pa\u0144stwo na stronie IRK:&nbsp;<a href=\"https:\/\/irk.uw.edu.pl\/pl\/offer\/PELNE2023\/programme\/S2-SKAN\/?from=field:P_SKAN\" target=\"_blank\" rel=\"noreferrer noopener\">https:\/\/irk.uw.edu.pl\/pl\/offer\/PELNE2023\/programme\/S2-SKAN\/?from=field:P_SKAN<\/a><\/p>\n\n\n\n<p class=\"wp-block-paragraph\">Program studi\u00f3w oraz plan zaj\u0119\u0107 w semestrze zimowym 2023\/24 znajd\u0105 Pa\u0144stwo tutaj:&nbsp;<a href=\"https:\/\/neofilologia.uw.edu.pl\/studia-kanadyjskie\/\" target=\"_blank\" rel=\"noreferrer noopener\">https:\/\/neofilologia.uw.edu.pl\/studia-kanadyjskie\/<\/a><\/p>\n\n\n\n<p class=\"wp-block-paragraph\">Polecamy r\u00f3wnie\u017c kr\u00f3tki film prezentuj\u0105cy g\u0142\u00f3wne za\u0142o\u017cenia kierunku:&nbsp;<a href=\"https:\/\/youtu.be\/vtAKdznAC28\" target=\"_blank\" rel=\"noreferrer noopener\">https:\/\/youtu.be\/vtAKdznAC28<\/a><\/p>\n\n\n\n<p class=\"wp-block-paragraph\">Osoby zainteresowane kierunkiem zapraszamy na&nbsp;<strong>spotkanie informacyjne<\/strong>, kt\u00f3re odb\u0119dzie si\u0119 zdalnie&nbsp;<strong>14 czerwca o godz. 18<\/strong>. Aby otrzyma\u0107 link do spotkania prosimy o kontakt z dr. Micha\u0142em Obszy\u0144skim pod adresem&nbsp;<a href=\"mailto:m.obszynski2@uw.edu.pl\" target=\"_blank\" rel=\"noreferrer noopener\">m.obszynski2@uw.edu.pl<\/a>.<\/p>\n\n\n\n<p class=\"wp-block-paragraph\">Z wyrazami szacunku\u00a0<\/p>\n\n\n\n<p class=\"wp-block-paragraph\"><\/p>\n\n\n\n<p class=\"wp-block-paragraph\">Micha\u0142 Obszy\u0144ski<\/p>\n\n\n\n<p class=\"wp-block-paragraph\"><\/p>\n\n\n\n<div data-wp-interactive=\"core\/file\" class=\"wp-block-file\"><object data-wp-bind--hidden=\"!state.hasPdfPreview\" hidden class=\"wp-block-file__embed\" data=\"https:\/\/romanistyka.wn.uw.edu.pl\/wp-content\/uploads\/2023\/06\/Spotkanie_informacyjne.pdf\" type=\"application\/pdf\" style=\"width:100%;height:600px\" aria-label=\"Osadzone z Spotkanie_informacyjne.\"><\/object><a id=\"wp-block-file--media-604e37fb-f421-48ee-9c5b-36d9c47ec78d\" href=\"https:\/\/romanistyka.wn.uw.edu.pl\/wp-content\/uploads\/2023\/06\/Spotkanie_informacyjne.pdf\">Spotkanie_informacyjne<\/a><a href=\"https:\/\/romanistyka.wn.uw.edu.pl\/wp-content\/uploads\/2023\/06\/Spotkanie_informacyjne.pdf\" class=\"wp-block-file__button wp-element-button\" download aria-describedby=\"wp-block-file--media-604e37fb-f421-48ee-9c5b-36d9c47ec78d\">Pobierz<\/a><\/div>\n","protected":false},"excerpt":{"rendered":"<p>Szanowni Pa\u0144stwo, Serdecznie zapraszamy do zapoznania si\u0119 z ofert\u0105 programow\u0105 kierunku&nbsp;Studia Kanadyjskie&nbsp;(studia II stopnia). Gor\u0105co polecamy ten kierunek i zach\u0119camy do wzi\u0119cia udzia\u0142u w rekrutacji (rejestracja od 6 czerwca do 13 lipca)! Zapraszamy do zapoznania si\u0119 z za\u0142\u0105czonym folderem informacyjnym. Aby dowiedzie\u0107 si\u0119 wi\u0119cej o tym, co dzieje si\u0119 na studiach kanadyjskich zapraszamy na profil [&hellip;]<\/p>\n","protected":false},"author":4,"featured_media":0,"comment_status":"open","ping_status":"open","sticky":false,"template":"","format":"standard","meta":{"footnotes":""},"categories":[7],"tags":[],"class_list":["post-1629","post","type-post","status-publish","format-standard","hentry","category-ogloszenia-dla-studentow"],"_links":{"self":[{"href":"https:\/\/romanistyka.wn.uw.edu.pl\/index.php\/wp-json\/wp\/v2\/posts\/1629","targetHints":{"allow":["GET"]}}],"collection":[{"href":"https:\/\/romanistyka.wn.uw.edu.pl\/index.php\/wp-json\/wp\/v2\/posts"}],"about":[{"href":"https:\/\/romanistyka.wn.uw.edu.pl\/index.php\/wp-json\/wp\/v2\/types\/post"}],"author":[{"embeddable":true,"href":"https:\/\/romanistyka.wn.uw.edu.pl\/index.php\/wp-json\/wp\/v2\/users\/4"}],"replies":[{"embeddable":true,"href":"https:\/\/romanistyka.wn.uw.edu.pl\/index.php\/wp-json\/wp\/v2\/comments?post=1629"}],"version-history":[{"count":1,"href":"https:\/\/romanistyka.wn.uw.edu.pl\/index.php\/wp-json\/wp\/v2\/posts\/1629\/revisions"}],"predecessor-version":[{"id":1631,"href":"https:\/\/romanistyka.wn.uw.edu.pl\/index.php\/wp-json\/wp\/v2\/posts\/1629\/revisions\/1631"}],"wp:attachment":[{"href":"https:\/\/romanistyka.wn.uw.edu.pl\/index.php\/wp-json\/wp\/v2\/media?parent=1629"}],"wp:term":[{"taxonomy":"category","embeddable":true,"href":"https:\/\/romanistyka.wn.uw.edu.pl\/index.php\/wp-json\/wp\/v2\/categories?post=1629"},{"taxonomy":"post_tag","embeddable":true,"href":"https:\/\/romanistyka.wn.uw.edu.pl\/index.php\/wp-json\/wp\/v2\/tags?post=1629"}],"curies":[{"name":"wp","href":"https:\/\/api.w.org\/{rel}","templated":true}]}}