{"id":1612,"date":"2023-06-01T12:00:30","date_gmt":"2023-06-01T12:00:30","guid":{"rendered":"https:\/\/romanistyka.wn.uw.edu.pl\/?p=1612"},"modified":"2023-06-14T17:12:06","modified_gmt":"2023-06-14T17:12:06","slug":"szczegolowa-oferta-zajec-w-semestrze-zimowym-2023-2024-w-ir","status":"publish","type":"post","link":"https:\/\/romanistyka.wn.uw.edu.pl\/index.php\/2023\/06\/01\/szczegolowa-oferta-zajec-w-semestrze-zimowym-2023-2024-w-ir\/","title":{"rendered":"Szczeg\u00f3\u0142owa oferta zaj\u0119\u0107 w semestrze zimowym 2023\/2024 w IR"},"content":{"rendered":"\n<p class=\"wp-block-paragraph\">Szanowni Pa\u0144stwo poni\u017cej szczeg\u00f3\u0142owa oferta zaj\u0119\u0107 (tytu\u0142y, kt\u00f3re nie zawsze pojawiaj\u0105 si\u0119 w planie) w semestrze zimowym 2023\/2024 w IR<\/p>\n\n\n\n<p class=\"wp-block-paragraph\"><\/p>\n\n\n\n<p class=\"wp-block-paragraph\">Seminaria licencjackie<\/p>\n\n\n\n<figure class=\"wp-block-table\"><table><tbody><tr><td>seminarium licencjackie : J\u0119zyk i to\u017csamo\u015b\u0107 : wybrane zagadnienia socjolingwistyki wieloj\u0119zyczno\u015bci&nbsp;<\/td><td>30<\/td><td>M. Grycan<\/td><\/tr><tr><td>seminarium licencjackie : Wybrane typy interakcji werbalnych &#8211; teoria i analiza<\/td><td>30<\/td><td>A. Kieliszczyk<\/td><\/tr><tr><td>Seminarium licencjackie : O reprezentacjach, teoriach subiektywnych i ideologiach w dydaktyce j\u0119zyk\u00f3w obcych&nbsp;<\/td><td>30<\/td><td>Maciej Smuk&nbsp;<\/td><\/tr><tr><td>Seminarium licencjackie : J\u0119zyk, kultura, znaczenie we wsp\u00f3\u0142czesnej glottodydaktyce<\/td><td>30<\/td><td>Agnieszka Dryja\u0144ska&nbsp;<\/td><\/tr><tr><td>seminarium licencjackie : Mity, archetypy, tematy i motywy w literaturze XX wieku<\/td><td>30<\/td><td>Marcin Klik<\/td><\/tr><tr><td>seminarium licencjackie : Muzyka, muzycy i muzyczno\u015b\u0107 w literaturze francuskiej XIX-XXI wieku<\/td><td>30<\/td><td>Anna Opiela-Mrozik<\/td><\/tr><\/tbody><\/table><\/figure>\n\n\n\n<p class=\"wp-block-paragraph\">Konwersatoria<\/p>\n\n\n\n<figure class=\"wp-block-table\"><table><tbody><tr><td>Konwersatorium j\u0119zykoznawcze III z + p: Mi\u0119dzy tekstem a kultur\u0105: wybrane zagadnienia t\u0142umaczenia literatury dla dzieci (I)&nbsp;<\/td><td>30<\/td><td>M. Grycan<\/td><\/tr><tr><td>Konwersatorium j\u0119zykoznawcze III z + p : Wprowadzenie do j\u0119zykoznawstwa korpusowegp&nbsp;<\/td><td>30<\/td><td>E. Pilecka<\/td><\/tr><tr><td>Konwersatorium j\u0119zykoznawcze III z + p : G\u0142os obywateli we wsp\u00f3\u0142czesnym dyskursie publicznym<\/td><td>30<\/td><td>E. Pachoci\u0144ska<\/td><\/tr><\/tbody><\/table><\/figure>\n\n\n\n<figure class=\"wp-block-table\"><table><tbody><tr><td>Konwersatorium literaturoznawcze I\/IIp : Wok\u00f3\u0142 Pereka<\/td><td>30<\/td><td>Wies\u0142aw Kroker<\/td><\/tr><tr><td>Konwersatorium literaturoznawcze I\/IIp : Oblicza mi\u0142o\u015bci w literaturze francuskiej XVII\/XVIII w.<\/td><td>30<\/td><td>Monika Kulesza<\/td><\/tr><tr><td>Konwersatorium literaturoznawcze I\/IIp : \u015anienie i \u017cycie. Fantastyka i realizm w literaturze francuskiej XIX wieku<\/td><td>30<\/td><td>Anna Opiela-Mrozik<\/td><\/tr><tr><td>Konwersatorium literaturoznawcze I\/IIp :Obco\u015b\u0107 i blisko\u015b\u0107 literatury \u015bredniowiecznej<\/td><td>30<\/td><td>Agata Sobczyk<\/td><\/tr><tr><td>Konwersatorium literaturoznawcze I\/IIp : Obraz wsp\u00f3\u0142czesno\u015bci we francuskoj\u0119zycznej literaturze XX i XXI w.<\/td><td>30<\/td><td>Judyta Zbierska-Mo\u015bcicka<\/td><\/tr><tr><td>Konwersatorium historyczno-kulturowe IIp : Sytuacja kobiety w epoce ancien regime&#8217;u&nbsp;<\/td><td>30<\/td><td>Monika Malinowska<\/td><\/tr><tr><td>Konwersatorium historyczno-kulturowe IIp : Historia kolonizacji francuskiej<\/td><td>30<\/td><td>Kamil Popowicz<\/td><\/tr><tr><td>Konwersatorium literaturoznawcze Iz :Znane i mniej znane dzie\u0142a literatury francuskiej XVII wieku<\/td><td>30<\/td><td>Monika Malinowska<\/td><\/tr><tr><td>Konwersatorium literaturoznawcze Iz :Obco\u015b\u0107 i blisko\u015b\u0107 literatury \u015bredniowiecznej<\/td><td>30<\/td><td>Agata Sobczyk<\/td><\/tr><tr><td>Konwersatorium literaturoznawcze Iz :Motyw mi\u0142o\u015bci we francuskiej literaturze \u015bredniowiecznej i renesansowej<\/td><td>30<\/td><td>Dorota Szeliga<\/td><\/tr><tr><td>Konwersatorium literaturoznawcze Iz : Naturalizm, symbolizm, dekadencja w literaturze francuskiej<\/td><td>30<\/td><td>Judyta Zbierska-Mo\u015bcicka<\/td><\/tr><tr><td>Konwersatorium literaturoznawcze IIz\/III z + p : Sztuka, artysta, rzemie\u015blnik w literaturze francuskiej XIX wieku<\/td><td>30<\/td><td>Anna Opiela-Mrozik<\/td><\/tr><tr><td>Konwersatorium literaturoznawcze IIz\/III z + p :W poszukiwaniu to\u017csamo\u015bci \u2013 francuska literatura kobieca w okresie Renesansu<\/td><td>30<\/td><td>Dorota Szeliga<\/td><\/tr><tr><td>Konwersatorium literaturoznawcze IIz\/III z + p : Koniec XIX w. w literaturze francuskiej &#8211; tematy i formy<\/td><td>30<\/td><td>Judyta Zbierska-Mo\u015bcicka<\/td><\/tr><tr><td>Konwersatorium literaturoznawcze IIz\/III z + p : List w literaturze francuskiej XVII\/XVIII w.<\/td><td>30<\/td><td>Monika Kulesza<\/td><\/tr><tr><td>Konwersatorium historyczno-kulturowe IIz\/IIIz + p : Muzyka i spo\u0142ecze\u0144stwo we Francji po Rewolucji&nbsp;<\/td><td>30<\/td><td>Wies\u0142aw Kroker<\/td><\/tr><tr><td>Konwersatorium historyczno-kulturowe IIz\/IIIz + p : Sytuacja kobiety w epoce ancien regime&#8217;u<\/td><td>30<\/td><td>Monika Malinowska<\/td><\/tr><tr><td>Konwersatorium historyczno-kulturowe IIz\/IIIz + p : Quebec: od Nowej Francji po wyzwania wsp\u00f3\u0142czesno\u015bci<\/td><td>30<\/td><td>Micha\u0142 Obszy\u0144ski<\/td><\/tr><tr><td>Konwersatorium historyczno-kulturowe IIz\/IIIz + p : Historia kolonizacji francuskiej<\/td><td>30<\/td><td>Kamil Popowicz<\/td><\/tr><tr><td>Konwersatorium historyczno-kulturowe IIz\/IIIz + p : \u201ePowiedz mi, czego si\u0119 boisz, a powiem ci, kim jeste\u015b\u201d. Historia kultury francuskiej wiek\u00f3w XVIII-XX poprzez potwory i potworno\u015b\u0107&nbsp;<\/td><td>30<\/td><td>Ma\u0142gorzata Soko\u0142owicz<\/td><\/tr><tr><td>Konwersatorium historyczno-kulturowe IIz\/IIIz + p :Francja i Nowy \u015awiat \u2013 podr\u00f3\u017ce, obserwacje, \u015bwiadectwa<\/td><td>30<\/td><td>Dorota Szeliga<\/td><\/tr><\/tbody><\/table><\/figure>\n\n\n\n<p class=\"wp-block-paragraph\"><\/p>\n\n\n\n<p class=\"wp-block-paragraph\">Seminaria licencjackie<\/p>\n\n\n\n<figure class=\"wp-block-table\"><table><tbody><tr><td>seminarium licencjackie : J\u0119zyk i to\u017csamo\u015b\u0107 : wybrane zagadnienia socjolingwistyki wieloj\u0119zyczno\u015bci&nbsp;<\/td><td>30<\/td><td>M. Grycan<\/td><\/tr><tr><td>seminarium licencjackie : Wybrane typy interakcji werbalnych &#8211; teoria i analiza<\/td><td>30<\/td><td>E. Pachoci\u0144ska<\/td><\/tr><tr><td>Seminarium licencjackie : O reprezentacjach, teoriach subiektywnych i ideologiach w dydaktyce j\u0119zyk\u00f3w obcych&nbsp;<\/td><td>30<\/td><td>Maciej Smuk&nbsp;<\/td><\/tr><tr><td>Seminarium licencjackie : J\u0119zyk, kultura, znaczenie we wsp\u00f3\u0142czesnej glottodydaktyce<\/td><td>30<\/td><td>Agnieszka Dryja\u0144ska&nbsp;<\/td><\/tr><tr><td>seminarium licencjackie : Mity, archetypy, tematy i motywy w literaturze XX wieku<\/td><td>30<\/td><td>Marcin Klik<\/td><\/tr><tr><td>seminarium licencjackie : Muzyka, muzycy i muzyczno\u015b\u0107 w literaturze francuskiej XIX-XXI wieku<\/td><td>30<\/td><td>Anna Opiela-Mrozik<\/td><\/tr><\/tbody><\/table><\/figure>\n\n\n\n<p class=\"wp-block-paragraph\">Konwersatoria<\/p>\n\n\n\n<figure class=\"wp-block-table\"><table><tbody><tr><td>Konwersatorium j\u0119zykoznawcze III z + p: Mi\u0119dzy tekstem a kultur\u0105: wybrane zagadnienia t\u0142umaczenia literatury dla dzieci (I)&nbsp;<\/td><td>30<\/td><td>M. Grycan<\/td><\/tr><tr><td>Konwersatorium j\u0119zykoznawcze III z + p : Wprowadzenie do j\u0119zykoznawstwa korpusowegp&nbsp;<\/td><td>30<\/td><td>E. Pilecka<\/td><\/tr><tr><td>Konwersatorium j\u0119zykoznawcze III z + p : G\u0142os obywateli we wsp\u00f3\u0142czesnym dyskursie publicznym<\/td><td>30<\/td><td>E. Pachoci\u0144ska<\/td><\/tr><\/tbody><\/table><\/figure>\n\n\n\n<figure class=\"wp-block-table\"><table><tbody><tr><td>Konwersatorium literaturoznawcze I\/IIp : Wok\u00f3\u0142 Pereka<\/td><td>30<\/td><td>Wies\u0142aw Kroker<\/td><\/tr><tr><td>Konwersatorium literaturoznawcze I\/IIp : Oblicza mi\u0142o\u015bci w literaturze francuskiej XVII\/XVIII w.<\/td><td>30<\/td><td>Monika Kulesza<\/td><\/tr><tr><td>Konwersatorium literaturoznawcze I\/IIp : \u015anienie i \u017cycie. Fantastyka i realizm w literaturze francuskiej XIX wieku<\/td><td>30<\/td><td>Anna Opiela-Mrozik<\/td><\/tr><tr><td>Konwersatorium literaturoznawcze I\/IIp :Obco\u015b\u0107 i blisko\u015b\u0107 literatury \u015bredniowiecznej<\/td><td>30<\/td><td>Agata Sobczyk<\/td><\/tr><tr><td>Konwersatorium literaturoznawcze I\/IIp : Obraz wsp\u00f3\u0142czesno\u015bci we francuskoj\u0119zycznej literaturze XX i XXI w.<\/td><td>30<\/td><td>Judyta Zbierska-Mo\u015bcicka<\/td><\/tr><tr><td>Konwersatorium historyczno-kulturowe IIp : Sytuacja kobiety w epoce ancien regime&#8217;u&nbsp;<\/td><td>30<\/td><td>Monika Malinowska<\/td><\/tr><tr><td>Konwersatorium historyczno-kulturowe IIp : Historia kolonizacji francuskiej<\/td><td>30<\/td><td>Kamil Popowicz<\/td><\/tr><tr><td>Konwersatorium literaturoznawcze Iz :Znane i mniej znane dzie\u0142a literatury francuskiej XVII wieku<\/td><td>30<\/td><td>Monika Malinowska<\/td><\/tr><tr><td>Konwersatorium literaturoznawcze Iz :Obco\u015b\u0107 i blisko\u015b\u0107 literatury \u015bredniowiecznej<\/td><td>30<\/td><td>Agata Sobczyk<\/td><\/tr><tr><td>Konwersatorium literaturoznawcze Iz :Motyw mi\u0142o\u015bci we francuskiej literaturze \u015bredniowiecznej i renesansowej<\/td><td>30<\/td><td>Dorota Szeliga<\/td><\/tr><tr><td>Konwersatorium literaturoznawcze Iz : Naturalizm, symbolizm, dekadencja w literaturze francuskiej<\/td><td>30<\/td><td>Judyta Zbierska-Mo\u015bcicka<\/td><\/tr><tr><td>Konwersatorium literaturoznawcze IIz\/III z + p : Sztuka, artysta, rzemie\u015blnik w literaturze francuskiej XIX wieku<\/td><td>30<\/td><td>Anna Opiela-Mrozik<\/td><\/tr><tr><td>Konwersatorium literaturoznawcze: W stron\u0119 transkulturowo\u015bci. Literatura i migracja w XX-XXI wieku<\/td><td>30<\/td><td>Marta \u015acis\u0142o<\/td><\/tr><tr><td>Konwersatorium literaturoznawcze IIz\/III z + p : Koniec XIX w. w literaturze francuskiej &#8211; tematy i formy<\/td><td>30<\/td><td>Judyta Zbierska-Mo\u015bcicka<\/td><\/tr><tr><td>Konwersatorium literaturoznawcze IIz\/III z + p : List w literaturze francuskiej XVII\/XVIII w.<\/td><td>30<\/td><td>Monika Kulesza<\/td><\/tr><tr><td>Konwersatorium historyczno-kulturowe IIz\/IIIz + p : Muzyka i spo\u0142ecze\u0144stwo we Francji po Rewolucji&nbsp;<\/td><td>30<\/td><td>Wies\u0142aw Kroker<\/td><\/tr><tr><td>Konwersatorium historyczno-kulturowe IIz\/IIIz + p : Sytuacja kobiety w epoce ancien regime&#8217;u<\/td><td>30<\/td><td>Monika Malinowska<\/td><\/tr><tr><td>Konwersatorium historyczno-kulturowe IIz\/IIIz + p : Quebec: od Nowej Francji po wyzwania wsp\u00f3\u0142czesno\u015bci<\/td><td>30<\/td><td>Micha\u0142 Obszy\u0144ski<\/td><\/tr><tr><td>Konwersatorium historyczno-kulturowe IIz\/IIIz + p : Historia kolonizacji francuskiej<\/td><td>30<\/td><td>Kamil Popowicz<\/td><\/tr><tr><td>Konwersatorium historyczno-kulturowe IIz\/IIIz + p : \u201ePowiedz mi, czego si\u0119 boisz, a powiem ci, kim jeste\u015b\u201d. Historia kultury francuskiej wiek\u00f3w XVIII-XX poprzez potwory i potworno\u015b\u0107&nbsp;<\/td><td>30<\/td><td>Ma\u0142gorzata Soko\u0142owicz<\/td><\/tr><tr><td><\/td><td><\/td><td><\/td><\/tr><\/tbody><\/table><figcaption class=\"wp-element-caption\">serdecznie<\/figcaption><\/figure>\n\n\n\n<p class=\"wp-block-paragraph\">Ma\u0142gorzata Molska<\/p>\n","protected":false},"excerpt":{"rendered":"<p>Szanowni Pa\u0144stwo poni\u017cej szczeg\u00f3\u0142owa oferta zaj\u0119\u0107 (tytu\u0142y, kt\u00f3re nie zawsze pojawiaj\u0105 si\u0119 w planie) w semestrze zimowym 2023\/2024 w IR Seminaria licencjackie seminarium licencjackie : J\u0119zyk i to\u017csamo\u015b\u0107 : wybrane zagadnienia socjolingwistyki wieloj\u0119zyczno\u015bci&nbsp; 30 M. Grycan seminarium licencjackie : Wybrane typy interakcji werbalnych &#8211; teoria i analiza 30 A. Kieliszczyk Seminarium licencjackie : O reprezentacjach, [&hellip;]<\/p>\n","protected":false},"author":4,"featured_media":0,"comment_status":"open","ping_status":"open","sticky":false,"template":"","format":"standard","meta":{"footnotes":""},"categories":[7],"tags":[],"class_list":["post-1612","post","type-post","status-publish","format-standard","hentry","category-ogloszenia-dla-studentow"],"_links":{"self":[{"href":"https:\/\/romanistyka.wn.uw.edu.pl\/index.php\/wp-json\/wp\/v2\/posts\/1612","targetHints":{"allow":["GET"]}}],"collection":[{"href":"https:\/\/romanistyka.wn.uw.edu.pl\/index.php\/wp-json\/wp\/v2\/posts"}],"about":[{"href":"https:\/\/romanistyka.wn.uw.edu.pl\/index.php\/wp-json\/wp\/v2\/types\/post"}],"author":[{"embeddable":true,"href":"https:\/\/romanistyka.wn.uw.edu.pl\/index.php\/wp-json\/wp\/v2\/users\/4"}],"replies":[{"embeddable":true,"href":"https:\/\/romanistyka.wn.uw.edu.pl\/index.php\/wp-json\/wp\/v2\/comments?post=1612"}],"version-history":[{"count":6,"href":"https:\/\/romanistyka.wn.uw.edu.pl\/index.php\/wp-json\/wp\/v2\/posts\/1612\/revisions"}],"predecessor-version":[{"id":1659,"href":"https:\/\/romanistyka.wn.uw.edu.pl\/index.php\/wp-json\/wp\/v2\/posts\/1612\/revisions\/1659"}],"wp:attachment":[{"href":"https:\/\/romanistyka.wn.uw.edu.pl\/index.php\/wp-json\/wp\/v2\/media?parent=1612"}],"wp:term":[{"taxonomy":"category","embeddable":true,"href":"https:\/\/romanistyka.wn.uw.edu.pl\/index.php\/wp-json\/wp\/v2\/categories?post=1612"},{"taxonomy":"post_tag","embeddable":true,"href":"https:\/\/romanistyka.wn.uw.edu.pl\/index.php\/wp-json\/wp\/v2\/tags?post=1612"}],"curies":[{"name":"wp","href":"https:\/\/api.w.org\/{rel}","templated":true}]}}