{"id":1592,"date":"2023-05-29T06:59:13","date_gmt":"2023-05-29T06:59:13","guid":{"rendered":"https:\/\/romanistyka.wn.uw.edu.pl\/?p=1592"},"modified":"2025-05-16T20:49:52","modified_gmt":"2025-05-16T20:49:52","slug":"zapisy-szkola-letnia-wn","status":"publish","type":"post","link":"https:\/\/romanistyka.wn.uw.edu.pl\/index.php\/2023\/05\/29\/zapisy-szkola-letnia-wn\/","title":{"rendered":"Zapisy &#8211; Szko\u0142a Letnia WN"},"content":{"rendered":"\n<p class=\"wp-block-paragraph\">Szanowni Pa\u0144stwo,<\/p>\n\n\n\n<p class=\"wp-block-paragraph\"><\/p>\n\n\n\n<p class=\"wp-block-paragraph\">Serdecznie zapraszamy do\u00a0udzia\u0142u w\u00a0Studenckiej Szkole Letniej \u201cEdukacja szyta na\u00a0miar\u0119. Specjalne i\u00a0dodatkowe potrzeby uczennic i\u00a0uczni\u00f3w j\u0119zyk\u00f3w obcych\u201d<em>.<\/em><br><br>J\u0119zyk prowadzenia: polski<br>Data: 3-7.07.2023, godz.\u00a09:45 \u2013 14:45<br>Miejsce: Szko\u0142a Letnia w\u00a0trybie stacjonarnym (ul.\u00a0Dobra 55)<br>Okre\u015blenie nak\u0142adu pracy student\u00f3w niezb\u0119dnego do\u00a0uzyskania zak\u0142adanych efekt\u00f3w kszta\u0142cenia w\u00a0kategoriach punkt\u00f3w ECTS: 3<br><br><strong>Zg\u0142oszenia<\/strong>\u00a0nale\u017cy nadsy\u0142a\u0107\u00a0<strong>do\u00a018.06.2023\u00a0<\/strong>w\u00a0postaci wype\u0142nionego formularza rekrutacyjnego dost\u0119pnego pod\u00a0linkiem:\u00a0<a rel=\"noreferrer noopener\" href=\"https:\/\/forms.gle\/zCvbtsgY7ys2eDmm8\" target=\"_blank\"><strong>https:\/\/forms.gle\/zCvbtsgY7ys2eDmm8<\/strong><\/a><strong>\u00a0<\/strong><br><br>Liczba miejsc jest ograniczona, liczy si\u0119 kolejno\u015b\u0107 prawid\u0142owo wys\u0142anych zg\u0142osze\u0144. O\u00a0wynikach rekrutacji uczestnicy zostan\u0105 powiadomieni drog\u0105 mailow\u0105 w\u00a0terminie do\u00a021.06.2023 r.<\/p>\n\n\n\n<p class=\"wp-block-paragraph\">Serdecznie<\/p>\n\n\n\n<p class=\"wp-block-paragraph\">Ma\u0142gorzata Molska<\/p>\n\n\n\n<p class=\"wp-block-paragraph\"><\/p>\n\n\n\n<div data-wp-interactive=\"core\/file\" class=\"wp-block-file\"><object data-wp-bind--hidden=\"!state.hasPdfPreview\" hidden class=\"wp-block-file__embed\" data=\"https:\/\/romanistyka.wn.uw.edu.pl\/wp-content\/uploads\/2023\/05\/SL-23_-regulamin.pdf\" type=\"application\/pdf\" style=\"width:100%;height:600px\" aria-label=\"Osadzone z SL-23_-regulamin.\"><\/object><a id=\"wp-block-file--media-9d902697-07e0-4703-acdf-4539945bbd76\" href=\"https:\/\/romanistyka.wn.uw.edu.pl\/wp-content\/uploads\/2023\/05\/SL-23_-regulamin.pdf\">SL-23_-regulamin<\/a><a href=\"https:\/\/romanistyka.wn.uw.edu.pl\/wp-content\/uploads\/2023\/05\/SL-23_-regulamin.pdf\" class=\"wp-block-file__button wp-element-button\" download aria-describedby=\"wp-block-file--media-9d902697-07e0-4703-acdf-4539945bbd76\">Pobierz<\/a><\/div>\n","protected":false},"excerpt":{"rendered":"<p>Szanowni Pa\u0144stwo, Serdecznie zapraszamy do\u00a0udzia\u0142u w\u00a0Studenckiej Szkole Letniej \u201cEdukacja szyta na\u00a0miar\u0119. Specjalne i\u00a0dodatkowe potrzeby uczennic i\u00a0uczni\u00f3w j\u0119zyk\u00f3w obcych\u201d. J\u0119zyk prowadzenia: polskiData: 3-7.07.2023, godz.\u00a09:45 \u2013 14:45Miejsce: Szko\u0142a Letnia w\u00a0trybie stacjonarnym (ul.\u00a0Dobra 55)Okre\u015blenie nak\u0142adu pracy student\u00f3w niezb\u0119dnego do\u00a0uzyskania zak\u0142adanych efekt\u00f3w kszta\u0142cenia w\u00a0kategoriach punkt\u00f3w ECTS: 3 Zg\u0142oszenia\u00a0nale\u017cy nadsy\u0142a\u0107\u00a0do\u00a018.06.2023\u00a0w\u00a0postaci wype\u0142nionego formularza rekrutacyjnego dost\u0119pnego pod\u00a0linkiem:\u00a0https:\/\/forms.gle\/zCvbtsgY7ys2eDmm8\u00a0 Liczba miejsc jest ograniczona, liczy [&hellip;]<\/p>\n","protected":false},"author":4,"featured_media":0,"comment_status":"open","ping_status":"open","sticky":false,"template":"","format":"standard","meta":{"footnotes":""},"categories":[7],"tags":[],"class_list":["post-1592","post","type-post","status-publish","format-standard","hentry","category-ogloszenia-dla-studentow"],"_links":{"self":[{"href":"https:\/\/romanistyka.wn.uw.edu.pl\/index.php\/wp-json\/wp\/v2\/posts\/1592","targetHints":{"allow":["GET"]}}],"collection":[{"href":"https:\/\/romanistyka.wn.uw.edu.pl\/index.php\/wp-json\/wp\/v2\/posts"}],"about":[{"href":"https:\/\/romanistyka.wn.uw.edu.pl\/index.php\/wp-json\/wp\/v2\/types\/post"}],"author":[{"embeddable":true,"href":"https:\/\/romanistyka.wn.uw.edu.pl\/index.php\/wp-json\/wp\/v2\/users\/4"}],"replies":[{"embeddable":true,"href":"https:\/\/romanistyka.wn.uw.edu.pl\/index.php\/wp-json\/wp\/v2\/comments?post=1592"}],"version-history":[{"count":1,"href":"https:\/\/romanistyka.wn.uw.edu.pl\/index.php\/wp-json\/wp\/v2\/posts\/1592\/revisions"}],"predecessor-version":[{"id":1594,"href":"https:\/\/romanistyka.wn.uw.edu.pl\/index.php\/wp-json\/wp\/v2\/posts\/1592\/revisions\/1594"}],"wp:attachment":[{"href":"https:\/\/romanistyka.wn.uw.edu.pl\/index.php\/wp-json\/wp\/v2\/media?parent=1592"}],"wp:term":[{"taxonomy":"category","embeddable":true,"href":"https:\/\/romanistyka.wn.uw.edu.pl\/index.php\/wp-json\/wp\/v2\/categories?post=1592"},{"taxonomy":"post_tag","embeddable":true,"href":"https:\/\/romanistyka.wn.uw.edu.pl\/index.php\/wp-json\/wp\/v2\/tags?post=1592"}],"curies":[{"name":"wp","href":"https:\/\/api.w.org\/{rel}","templated":true}]}}