{"id":1480,"date":"2023-05-17T21:20:44","date_gmt":"2023-05-17T21:20:44","guid":{"rendered":"https:\/\/romanistyka.wn.uw.edu.pl\/?p=1480"},"modified":"2023-05-17T21:20:48","modified_gmt":"2023-05-17T21:20:48","slug":"egzaminy-certyfikacyjne-w-sesji-letniej","status":"publish","type":"post","link":"https:\/\/romanistyka.wn.uw.edu.pl\/index.php\/2023\/05\/17\/egzaminy-certyfikacyjne-w-sesji-letniej\/","title":{"rendered":"Egzaminy certyfikacyjne w sesji letniej"},"content":{"rendered":"\n<p class=\"wp-block-paragraph\">Szanowni Pa\u0144stwo, <\/p>\n\n\n\n<p class=\"wp-block-paragraph\">w zwi\u0105zku ze zbli\u017caj\u0105c\u0105 si\u0119&nbsp;sesj\u0105 egzaminacyjn\u0105&nbsp;chcia\u0142bym przypomnie\u0107 terminy rejestracji na kursy repetytoryjne oraz na egzaminy certyfikacyjne&nbsp;w sesji&nbsp;letniej:&nbsp;<\/p>\n\n\n\n<p class=\"wp-block-paragraph\">\u00b7&nbsp;rejestracja na kurs repetytoryjny przed egzaminami w sesji&nbsp;letniej:&nbsp;05.05.2023 \u2013 31.05.2023<\/p>\n\n\n\n<p class=\"wp-block-paragraph\">\u00b7\u00a0rejestracja na egzaminy w sesji\u00a0letniej:\u00a0\u00a005.05.2023 \u2013 05.06.2023\u00a0<\/p>\n\n\n\n<p class=\"wp-block-paragraph\"><\/p>\n\n\n\n<p class=\"wp-block-paragraph\"><\/p>\n\n\n\n<p class=\"wp-block-paragraph\">Nie b\u0119dzie mo\u017cliwo\u015bci zapisu na kursy ani na egzaminy po up\u0142ywie wy\u017cej podanych termin\u00f3w.\u00a0<\/p>\n\n\n\n<p class=\"wp-block-paragraph\"><\/p>\n\n\n\n<p class=\"wp-block-paragraph\"><\/p>\n\n\n\n<p class=\"wp-block-paragraph\">Za\u0142\u0105czam te\u017c link do oferty egzaminacyjnej oraz link do harmonogramu sesji letniej:&nbsp;<\/p>\n\n\n\n<p class=\"wp-block-paragraph\">oferta egzaminacyjna:&nbsp;<a href=\"https:\/\/jezyki.obce.uw.edu.pl\/oferta-egzaminow\/\" target=\"_blank\" rel=\"noreferrer noopener\">https:\/\/jezyki.obce.uw.edu.pl\/oferta-egzaminow\/<\/a><\/p>\n\n\n\n<p class=\"wp-block-paragraph\">harmonogram sesji letniej:\u00a0<a rel=\"noreferrer noopener\" href=\"https:\/\/jezyki.obce.uw.edu.pl\/harmonogram-sesji\/\" target=\"_blank\">https:\/\/jezyki.obce.uw.edu.pl\/harmonogram-sesji\/<\/a><\/p>\n\n\n\n<p class=\"wp-block-paragraph\"><\/p>\n\n\n\n<p class=\"wp-block-paragraph\">Serdecznie<\/p>\n\n\n\n<p class=\"wp-block-paragraph\">Ma\u0142gorzata Molska<\/p>\n","protected":false},"excerpt":{"rendered":"<p>Szanowni Pa\u0144stwo, w zwi\u0105zku ze zbli\u017caj\u0105c\u0105 si\u0119&nbsp;sesj\u0105 egzaminacyjn\u0105&nbsp;chcia\u0142bym przypomnie\u0107 terminy rejestracji na kursy repetytoryjne oraz na egzaminy certyfikacyjne&nbsp;w sesji&nbsp;letniej:&nbsp; \u00b7&nbsp;rejestracja na kurs repetytoryjny przed egzaminami w sesji&nbsp;letniej:&nbsp;05.05.2023 \u2013 31.05.2023 \u00b7\u00a0rejestracja na egzaminy w sesji\u00a0letniej:\u00a0\u00a005.05.2023 \u2013 05.06.2023\u00a0 Nie b\u0119dzie mo\u017cliwo\u015bci zapisu na kursy ani na egzaminy po up\u0142ywie wy\u017cej podanych termin\u00f3w.\u00a0 Za\u0142\u0105czam te\u017c link do oferty [&hellip;]<\/p>\n","protected":false},"author":4,"featured_media":0,"comment_status":"open","ping_status":"open","sticky":false,"template":"","format":"standard","meta":{"footnotes":""},"categories":[7],"tags":[],"class_list":["post-1480","post","type-post","status-publish","format-standard","hentry","category-ogloszenia-dla-studentow"],"_links":{"self":[{"href":"https:\/\/romanistyka.wn.uw.edu.pl\/index.php\/wp-json\/wp\/v2\/posts\/1480","targetHints":{"allow":["GET"]}}],"collection":[{"href":"https:\/\/romanistyka.wn.uw.edu.pl\/index.php\/wp-json\/wp\/v2\/posts"}],"about":[{"href":"https:\/\/romanistyka.wn.uw.edu.pl\/index.php\/wp-json\/wp\/v2\/types\/post"}],"author":[{"embeddable":true,"href":"https:\/\/romanistyka.wn.uw.edu.pl\/index.php\/wp-json\/wp\/v2\/users\/4"}],"replies":[{"embeddable":true,"href":"https:\/\/romanistyka.wn.uw.edu.pl\/index.php\/wp-json\/wp\/v2\/comments?post=1480"}],"version-history":[{"count":1,"href":"https:\/\/romanistyka.wn.uw.edu.pl\/index.php\/wp-json\/wp\/v2\/posts\/1480\/revisions"}],"predecessor-version":[{"id":1481,"href":"https:\/\/romanistyka.wn.uw.edu.pl\/index.php\/wp-json\/wp\/v2\/posts\/1480\/revisions\/1481"}],"wp:attachment":[{"href":"https:\/\/romanistyka.wn.uw.edu.pl\/index.php\/wp-json\/wp\/v2\/media?parent=1480"}],"wp:term":[{"taxonomy":"category","embeddable":true,"href":"https:\/\/romanistyka.wn.uw.edu.pl\/index.php\/wp-json\/wp\/v2\/categories?post=1480"},{"taxonomy":"post_tag","embeddable":true,"href":"https:\/\/romanistyka.wn.uw.edu.pl\/index.php\/wp-json\/wp\/v2\/tags?post=1480"}],"curies":[{"name":"wp","href":"https:\/\/api.w.org\/{rel}","templated":true}]}}