{"id":1465,"date":"2023-05-15T20:05:43","date_gmt":"2023-05-15T20:05:43","guid":{"rendered":"https:\/\/romanistyka.wn.uw.edu.pl\/?p=1465"},"modified":"2023-05-15T20:05:46","modified_gmt":"2023-05-15T20:05:46","slug":"szkola-letnia-wydzialu-neofilologii-uw","status":"publish","type":"post","link":"https:\/\/romanistyka.wn.uw.edu.pl\/index.php\/2023\/05\/15\/szkola-letnia-wydzialu-neofilologii-uw\/","title":{"rendered":"Szko\u0142a Letnia Wydzia\u0142u Neofilologii UW"},"content":{"rendered":"\n<p class=\"has-text-align-center wp-block-paragraph\"><strong><em>Edukacja szyta na miar\u0119.&nbsp;<\/em><\/strong><\/p>\n\n\n\n<p class=\"has-text-align-center wp-block-paragraph\"><strong><em>Specjalne i dodatkowe potrzeby uczennic i uczni\u00f3w j\u0119zyk\u00f3w obcych<\/em><\/strong><\/p>\n\n\n\n<p class=\"has-text-align-center wp-block-paragraph\"><\/p>\n\n\n\n<p class=\"wp-block-paragraph\"><\/p>\n\n\n\n<p class=\"wp-block-paragraph\">Serdecznie zapraszamy do udzia\u0142u w Studenckiej Szkole Letniej\u00a0<strong><em>Edukacja szyta na miar\u0119. Specjalne i dodatkowe potrzeby uczennic i uczni\u00f3w j\u0119zyk\u00f3w obcych.<\/em><\/strong><\/p>\n\n\n\n<p class=\"wp-block-paragraph\"><\/p>\n\n\n\n<p class=\"wp-block-paragraph\">Celem tegorocznej edycji, kt\u00f3ra odb\u0119dzie si\u0119 stacjonarnie w dniach&nbsp;<strong>3-7.07.2023&nbsp;<\/strong>r., jest podniesienie wiedzy i kompetencji studentek i student\u00f3w Wydzia\u0142u Neofilologii w zakresie specjalnych i dodatkowych potrzeb uczni\u00f3w oraz zwi\u0119kszania szans edukacyjnych os\u00f3b ucz\u0105cych si\u0119 j\u0119zyk\u00f3w obcych.<\/p>\n\n\n\n<p class=\"wp-block-paragraph\">Uczestniczki i uczestnicy zapoznaj\u0105 si\u0119 z teoretycznymi i praktycznymi aspektami szeroko rozumianych specjalnych i dodatkowych potrzeb ucznia w kontek\u015bcie nauczania i uczenia si\u0119 j\u0119zyk\u00f3w obcych tak, aby w swojej przysz\u0142ej pracy nauczycielskiej byli w stanie trafnie odpowiedzie\u0107 na potrzeby wszystkich os\u00f3b ucz\u0105cych si\u0119, zapewniaj\u0105c tym samym skuteczn\u0105 i w\u0142\u0105czaj\u0105c\u0105 nauk\u0119 j\u0119zyka obcego.&nbsp;<\/p>\n\n\n\n<p class=\"wp-block-paragraph\">Szko\u0142a letnia, w wymiarze 30h, zak\u0142ada spotkania konwersatoryjne ze specjalistami, spotkania z praktykami (nauczycielami, pedagogiem i psychologiem) oraz z osobami, kt\u00f3re maj\u0105 osobiste do\u015bwiadczenie ze specjalnymi potrzebami edukacyjnymi jako osoby z niepe\u0142nosprawno\u015bci\u0105 czy te\u017c specyficznymi trudno\u015bciami w uczeniu si\u0119.&nbsp;<\/p>\n\n\n\n<p class=\"wp-block-paragraph\">Inicjatywa adresowana jest do studentek i student\u00f3w Wydzia\u0142u Neofilologii UW&nbsp;<\/p>\n\n\n\n<p class=\"wp-block-paragraph\">realizuj\u0105cych \u015bcie\u017ck\u0119 metodyczn\u0105 oraz os\u00f3b zainteresowanych dydaktyk\u0105 j\u0119zyk\u00f3w obcych i edukacj\u0105 w\u0142\u0105czaj\u0105c\u0105 (inkluzywn\u0105).<\/p>\n\n\n\n<p class=\"wp-block-paragraph\">Zakres tematyki obejmowa\u0107 b\u0119dzie nast\u0119puj\u0105ce zagadnienia:<\/p>\n\n\n\n<ol class=\"wp-block-list\" type=\"1\" start=\"1\">\n<li>Potrzeby ucznia j\u0119zyka obcego a podej\u015bcie w\u0142\u0105czaj\u0105ce i uniwersalne<\/li>\n\n\n\n<li>Zr\u00f3\u017cnicowane podej\u015bcie a indywidualizacja i personalizacja nauczania<\/li>\n\n\n\n<li>Specjalne potrzeby edukacyjne &#8211; indywidualne do\u015bwiadczenia w uczeniu si\u0119 w j\u0119zyk\u00f3w obcych<\/li>\n\n\n\n<li>Specyficzne trudno\u015bci w uczeniu si\u0119 a nauka j\u0119zyka obcego (dysleksja, ADHD, ASD-zesp\u00f3\u0142 Aspergera)<\/li>\n\n\n\n<li>Metody i podej\u015bcia w nauczaniu uczni\u00f3w ze specjalnymi i dodatkowymi potrzebami<\/li>\n\n\n\n<li>Komunikacja nauczyciela j\u0119zyka obcego z rodzicami ucznia, pedagogiem i psychologiem szkolnym<\/li>\n<\/ol>\n\n\n\n<p class=\"wp-block-paragraph\">Okre\u015blenie nak\u0142adu pracy student\u00f3w niezb\u0119dnego do uzyskania zak\u0142adanych efekt\u00f3w kszta\u0142cenia w kategoriach punkt\u00f3w ECTS: 3<\/p>\n\n\n\n<p class=\"wp-block-paragraph\">J\u0119zyk prowadzenia: polski<\/p>\n\n\n\n<p class=\"wp-block-paragraph\">Data: 3-7.07.2023, godz. 9:45 &#8211; 14:45<\/p>\n\n\n\n<p class=\"wp-block-paragraph\">Miejsce: Szko\u0142a Letnia w trybie stacjonarnym (ul. Dobra 55)<\/p>\n\n\n\n<p class=\"wp-block-paragraph\"><strong>Rejestracja rusza 29.05.2023<\/strong>. Szczeg\u00f3\u0142y dost\u0119pne wkr\u00f3tce.<\/p>\n\n\n\n<p class=\"wp-block-paragraph\"><\/p>\n\n\n\n<p class=\"wp-block-paragraph\">Wszelkie pytania prosz\u0119 kierowa\u0107 na adres : <a href=\"mailto:m.molska@uw.edu.pl\">m.molska@uw.edu.pl<\/a><\/p>\n\n\n\n<p class=\"wp-block-paragraph\"><\/p>\n\n\n\n<p class=\"wp-block-paragraph\">Serdecznie<\/p>\n\n\n\n<p class=\"wp-block-paragraph\">Ma\u0142gorzata Molska <\/p>\n","protected":false},"excerpt":{"rendered":"<p>Edukacja szyta na miar\u0119.&nbsp; Specjalne i dodatkowe potrzeby uczennic i uczni\u00f3w j\u0119zyk\u00f3w obcych Serdecznie zapraszamy do udzia\u0142u w Studenckiej Szkole Letniej\u00a0Edukacja szyta na miar\u0119. Specjalne i dodatkowe potrzeby uczennic i uczni\u00f3w j\u0119zyk\u00f3w obcych. Celem tegorocznej edycji, kt\u00f3ra odb\u0119dzie si\u0119 stacjonarnie w dniach&nbsp;3-7.07.2023&nbsp;r., jest podniesienie wiedzy i kompetencji studentek i student\u00f3w Wydzia\u0142u Neofilologii w zakresie specjalnych [&hellip;]<\/p>\n","protected":false},"author":4,"featured_media":0,"comment_status":"open","ping_status":"open","sticky":false,"template":"","format":"standard","meta":{"footnotes":""},"categories":[7],"tags":[],"class_list":["post-1465","post","type-post","status-publish","format-standard","hentry","category-ogloszenia-dla-studentow"],"_links":{"self":[{"href":"https:\/\/romanistyka.wn.uw.edu.pl\/index.php\/wp-json\/wp\/v2\/posts\/1465","targetHints":{"allow":["GET"]}}],"collection":[{"href":"https:\/\/romanistyka.wn.uw.edu.pl\/index.php\/wp-json\/wp\/v2\/posts"}],"about":[{"href":"https:\/\/romanistyka.wn.uw.edu.pl\/index.php\/wp-json\/wp\/v2\/types\/post"}],"author":[{"embeddable":true,"href":"https:\/\/romanistyka.wn.uw.edu.pl\/index.php\/wp-json\/wp\/v2\/users\/4"}],"replies":[{"embeddable":true,"href":"https:\/\/romanistyka.wn.uw.edu.pl\/index.php\/wp-json\/wp\/v2\/comments?post=1465"}],"version-history":[{"count":2,"href":"https:\/\/romanistyka.wn.uw.edu.pl\/index.php\/wp-json\/wp\/v2\/posts\/1465\/revisions"}],"predecessor-version":[{"id":1467,"href":"https:\/\/romanistyka.wn.uw.edu.pl\/index.php\/wp-json\/wp\/v2\/posts\/1465\/revisions\/1467"}],"wp:attachment":[{"href":"https:\/\/romanistyka.wn.uw.edu.pl\/index.php\/wp-json\/wp\/v2\/media?parent=1465"}],"wp:term":[{"taxonomy":"category","embeddable":true,"href":"https:\/\/romanistyka.wn.uw.edu.pl\/index.php\/wp-json\/wp\/v2\/categories?post=1465"},{"taxonomy":"post_tag","embeddable":true,"href":"https:\/\/romanistyka.wn.uw.edu.pl\/index.php\/wp-json\/wp\/v2\/tags?post=1465"}],"curies":[{"name":"wp","href":"https:\/\/api.w.org\/{rel}","templated":true}]}}